{"id":1323,"date":"2017-06-06T15:40:56","date_gmt":"2017-06-06T13:40:56","guid":{"rendered":"http:\/\/osnovna-skola-donja-stubica.hr\/?p=1323"},"modified":"2017-06-06T15:40:56","modified_gmt":"2017-06-06T13:40:56","slug":"projekt","status":"publish","type":"post","link":"https:\/\/osnovna-skola-donja-stubica.hr\/wp\/projekt\/","title":{"rendered":"Projekt"},"content":{"rendered":"<h1>\u201e Z beciklinom vu \u0160kolu\u201c \u2013 O\u0160 Donja Stubica<\/h1>\n<p>&nbsp;<\/p>\n<p><img data-attachment-id=\"1324\" data-permalink=\"https:\/\/osnovna-skola-donja-stubica.hr\/wp\/projekt\/imag5347\/\" data-orig-file=\"https:\/\/osnovna-skola-donja-stubica.hr\/wp\/wp-content\/uploads\/2017\/06\/IMAG5347.jpg\" data-orig-size=\"4224,2368\" data-comments-opened=\"0\" data-image-meta=\"{&quot;aperture&quot;:&quot;2.2&quot;,&quot;credit&quot;:&quot;&quot;,&quot;camera&quot;:&quot;HTC Desire 820&quot;,&quot;caption&quot;:&quot;&quot;,&quot;created_timestamp&quot;:&quot;1495217170&quot;,&quot;copyright&quot;:&quot;&quot;,&quot;focal_length&quot;:&quot;3.81&quot;,&quot;iso&quot;:&quot;100&quot;,&quot;shutter_speed&quot;:&quot;0.0019047619047619&quot;,&quot;title&quot;:&quot;&quot;,&quot;orientation&quot;:&quot;1&quot;}\" data-image-title=\"IMAG5347\" data-image-description=\"\" data-image-caption=\"\" data-medium-file=\"https:\/\/osnovna-skola-donja-stubica.hr\/wp\/wp-content\/uploads\/2017\/06\/IMAG5347-300x168.jpg\" data-large-file=\"https:\/\/osnovna-skola-donja-stubica.hr\/wp\/wp-content\/uploads\/2017\/06\/IMAG5347-1024x574.jpg\" decoding=\"async\" loading=\"lazy\" class=\"alignleft size-medium wp-image-1324\" src=\"https:\/\/osnovna-skola-donja-stubica.hr\/wp\/wp-content\/uploads\/2017\/06\/IMAG5347-300x168.jpg\" alt=\"\" width=\"300\" height=\"168\" srcset=\"https:\/\/osnovna-skola-donja-stubica.hr\/wp\/wp-content\/uploads\/2017\/06\/IMAG5347-300x168.jpg 300w, https:\/\/osnovna-skola-donja-stubica.hr\/wp\/wp-content\/uploads\/2017\/06\/IMAG5347-768x431.jpg 768w, https:\/\/osnovna-skola-donja-stubica.hr\/wp\/wp-content\/uploads\/2017\/06\/IMAG5347-1024x574.jpg 1024w\" sizes=\"(max-width: 300px) 100vw, 300px\" \/><span style=\"color: #99cc00;\">U zadnjih nekoliko godina Osnovna \u0161kola Donja Stubica stalno je radila na preure\u0111enju prostora za bolje uvjete u\u010denika u \u0161koli tijekom nastave.<\/span><\/p>\n<p><span style=\"color: #99cc00;\">Me\u0111utim, izme\u0111u svih tih preure\u0111enja, djeca su izgubila mogu\u0107nost dolaska biciklom u \u0161kolu. Nekada su iza \u0161kole postojali stalci za bicikle pa se izgradila dvorana. Postojali su i s prednje strane \u0161kole, ali je postavljena termo fasada i tamo vi\u0161e nema mjesta. Vrlo smo zahvalni \u0161to se \u0161kola promijenila na vi\u0161u razinu, ali, na\u017ealost, djeca vi\u0161e nisu u mogu\u0107nosti dolaziti u \u0161kolu biciklom jer ih nemaju gdje odlo\u017eiti dok su na nastavi.<\/span><\/p>\n<p>Postoji puno djece koja bi rado dolazila biciklom u \u0161kolu, ali za to nemaju uvjete.<\/p>\n<p>Osnovni uvjet svakog biciklista je da svoj bicikl mo\u017ee kvalitetno parkirati.<\/p>\n<p>&nbsp;<\/p>\n<p>Po\u0161to \u0160kola trenutno nije bila u mogu\u0107nosti financijski podr\u017eati izgradnju biciklisti\u010dkog parkirali\u0161ta jer su u tijeku gra\u0111evinski zahvati unutar \u0161kole na sanitarnim \u010dvorovima, skupina roditelja se okupila i pokrenula projekt \u201eZ beciklinom vu \u0161kolu\u201c.<\/p>\n<p>Navedena skupina roditelja preko svog predstavnika u \u0160kolskom vije\u0107u gospodina Ivana Doli\u0107a predla\u017ee Vije\u0107u, roditeljima i ravnateljici prijedlog s idejnim rje\u0161enjem i odmah dobije <em>zeleno svjetlo<\/em> za izgradnju novoga biciklisti\u010dkog parkirali\u0161ta.<\/p>\n<p>Nakon kratkog vremena, sakupljene su donacije za izgradnju parkirali\u0161ta i ono se naru\u010duje u o\u017eujku 2017. godine.<\/p>\n<p>Biciklisti\u010dko parkirali\u0161te je montirano sredinom svibnja, a djeca su ve\u0107 drugi dan po\u010dela dolaziti biciklima.<\/p>\n<p>&nbsp;<\/p>\n<p><em>Bike parking<\/em> je izra\u0111en po preporukama udruge <em>Sindikat biciklista iz Zagreba<\/em>. Parking je izra\u0111en u formatu tzv. \u201eklamerica\u201c jer je najsigurniji i najkvalitetniji za dana\u0161nje bicikle. Mnoge europske zemlje rade upravo takva parkirali\u0161ta ispred svih javnih ustanova pa smo se i mi pridru\u017eili tom formatu.<\/p>\n<p>&nbsp;<\/p>\n<p>\u017delja roditelja bila je pomo\u0107i \u0161koli i omogu\u0107iti djeci dolazak u \u0161kolu biciklom jer je djeci danas potrebna tjelesna aktivnost i u tome su uspjeli.<\/p>\n<p>&nbsp;<\/p>\n<p>Neke od prednosti bicikliranja u \u0161kolu:\u00ad<\/p>\n<p>-ako djeca u ranijoj dobi nau\u010de voziti bicikl, vjerojatno \u0107e tu naviku zadr\u017eati i u odrasloj dobi<br \/>\n-uklju\u010divanje biciklizma u \u0161kolske aktivnosti djeci je prilika za zabavu i dru\u017eenje<br \/>\n-vo\u017enja bicikla poma\u017ee djeci razviti neovisnost i tjelesnu kondiciju, a i dobar je na\u010din da potro\u0161e vi\u0161ak energije prije po\u010detka \u0161kolskog dana<br \/>\n-zdravlje i sigurnost djece cilj je koji svatko mo\u017ee razumjeti i podr\u017eati<br \/>\n-programi vo\u017enje bicikla u \u0161kolama mogu utjecati i na roditelje: roditeljima manje djece preporu\u010da se da ih u \u0161kolu prate biciklom<\/p>\n<p>Cijeli projekt \u201eZ beciklinom vu \u0160kolu\u201c je zami\u0161ljen na vi\u0161e razina pa se tako sada planiraju sljede\u0107i koraci.<\/p>\n<p>Ovim putem napominjemo da djeca moraju obavezno koristiti kacige, da po\u0161tuju sva prometna pravila te da budu maksimalno oprezna. Pozivamo roditelje da se provozaju s djecom do \u0161kole kako bi ih sami podu\u010dili nekim prometnim pravilima.<\/p>\n<p>&nbsp;<\/p>\n<p><span style=\"color: #99cc00;\"><strong>Prva akcija je \u0161kolska biciklijada povodom otvaranja parkirali\u0161ta koja \u0107e se odr\u017eati 11. lipnja. <\/strong><\/span><\/p>\n<p><span style=\"color: #99cc00;\"><strong>Start biciklista bit \u0107e ispred Osnovne\u00a0 \u0161kole Donja Stubica u 9:30 sati, biciklira se do Gornje Stubice, a o\u010dekivani povratak u Donju Stubicu je oko 12:00 sati pod \u0161ator kod fontane u kojem \u0107e se odr\u017eavati festival folklora. <\/strong><\/span><\/p>\n<p><span style=\"color: #99cc00;\"><strong>\u00a0<\/strong><\/span><span style=\"color: #99cc00;\"><strong>Pozivamo sve zainteresirane da nam se priklju\u010de!<\/strong><\/span><\/p>\n<p>&nbsp;<\/p>\n<p>Zahvaljujemo se roditeljima\/obiteljima bez kojih ovo ne bi bilo mogu\u0107e odraditi: Anita i Mladen \u0160obak ( Leno Ideal d.o.o. ),\u00a0 Sandra i Sini\u0161a Pasanec ( Studio 5 d.o.o.), Matea i Miroslav Milek ( Moja me\u0111a d.o.o. ), Natalija i \u017deljko Novak ( Caffe bar Zero ), Vesna i Marko Horvatek ( Centro &#8211; plin Horvatek ), Martina i Adam Deak ( U\u010dili\u0161te Piramida znanja d.o.o. ), Monika i Kruno Vlahovi\u0107 ( Mrak Studio d.o.o.), Ines i Tomislav Kati\u0107 ( Orsus grupa d.o.o.) te Verica i Ivan Doli\u0107.<\/p>\n<p>Koordinatori cijelog projekta su u\u010diteljica Snje\u017eana \u0160tefek Borov\u010dak i Ivan Doli\u0107 koji su imali punu podr\u0161ku ravnateljice Sonje Martinek.<\/p>\n","protected":false},"excerpt":{"rendered":"<p>\u201e Z beciklinom vu \u0160kolu\u201c \u2013 O\u0160 Donja Stubica &nbsp; U zadnjih nekoliko godina Osnovna \u0161kola Donja Stubica stalno je radila na preure\u0111enju prostora za bolje uvjete u\u010denika u \u0161koli tijekom nastave. Me\u0111utim, izme\u0111u svih tih preure\u0111enja, djeca su izgubila mogu\u0107nost dolaska biciklom u \u0161kolu. Nekada su iza \u0161kole postojali stalci za bicikle pa se [&hellip;]<\/p>\n","protected":false},"author":1,"featured_media":0,"comment_status":"closed","ping_status":"open","sticky":false,"template":"","format":"standard","meta":{"footnotes":"","_jetpack_memberships_contains_paid_content":false},"categories":[2],"tags":[22],"yoast_head":"<!-- This site is optimized with the Yoast SEO plugin v22.6 - https:\/\/yoast.com\/wordpress\/plugins\/seo\/ -->\n<title>Projekt - O\u0160 Donja Stubica<\/title>\n<meta name=\"robots\" content=\"index, follow, max-snippet:-1, max-image-preview:large, max-video-preview:-1\" \/>\n<link rel=\"canonical\" href=\"https:\/\/osnovna-skola-donja-stubica.hr\/wp\/projekt\/\" \/>\n<meta property=\"og:locale\" content=\"hr_HR\" \/>\n<meta property=\"og:type\" content=\"article\" \/>\n<meta property=\"og:title\" content=\"Projekt - O\u0160 Donja Stubica\" \/>\n<meta property=\"og:description\" content=\"\u201e Z beciklinom vu \u0160kolu\u201c \u2013 O\u0160 Donja Stubica &nbsp; U zadnjih nekoliko godina Osnovna \u0161kola Donja Stubica stalno je radila na preure\u0111enju prostora za bolje uvjete u\u010denika u \u0161koli tijekom nastave. Me\u0111utim, izme\u0111u svih tih preure\u0111enja, djeca su izgubila mogu\u0107nost dolaska biciklom u \u0161kolu. Nekada su iza \u0161kole postojali stalci za bicikle pa se [&hellip;]\" \/>\n<meta property=\"og:url\" content=\"https:\/\/osnovna-skola-donja-stubica.hr\/wp\/projekt\/\" \/>\n<meta property=\"og:site_name\" content=\"O\u0160 Donja Stubica\" \/>\n<meta property=\"article:published_time\" content=\"2017-06-06T13:40:56+00:00\" \/>\n<meta property=\"og:image\" content=\"http:\/\/osnovna-skola-donja-stubica.hr\/wp\/wp-content\/uploads\/2017\/06\/IMAG5347-300x168.jpg\" \/>\n<meta name=\"author\" content=\"katarina\" \/>\n<meta name=\"twitter:card\" content=\"summary_large_image\" \/>\n<meta name=\"twitter:label1\" content=\"Napisao\/la\" \/>\n\t<meta name=\"twitter:data1\" content=\"katarina\" \/>\n\t<meta name=\"twitter:label2\" content=\"Procijenjeno vrijeme \u010ditanja\" \/>\n\t<meta name=\"twitter:data2\" content=\"3 minute\" \/>\n<script type=\"application\/ld+json\" class=\"yoast-schema-graph\">{\"@context\":\"https:\/\/schema.org\",\"@graph\":[{\"@type\":\"WebPage\",\"@id\":\"https:\/\/osnovna-skola-donja-stubica.hr\/wp\/projekt\/\",\"url\":\"https:\/\/osnovna-skola-donja-stubica.hr\/wp\/projekt\/\",\"name\":\"Projekt - O\u0160 Donja Stubica\",\"isPartOf\":{\"@id\":\"https:\/\/osnovna-skola-donja-stubica.hr\/wp\/#website\"},\"primaryImageOfPage\":{\"@id\":\"https:\/\/osnovna-skola-donja-stubica.hr\/wp\/projekt\/#primaryimage\"},\"image\":{\"@id\":\"https:\/\/osnovna-skola-donja-stubica.hr\/wp\/projekt\/#primaryimage\"},\"thumbnailUrl\":\"http:\/\/osnovna-skola-donja-stubica.hr\/wp\/wp-content\/uploads\/2017\/06\/IMAG5347-300x168.jpg\",\"datePublished\":\"2017-06-06T13:40:56+00:00\",\"dateModified\":\"2017-06-06T13:40:56+00:00\",\"author\":{\"@id\":\"https:\/\/osnovna-skola-donja-stubica.hr\/wp\/#\/schema\/person\/ac6675b6713bd5450a007bfd80c14590\"},\"breadcrumb\":{\"@id\":\"https:\/\/osnovna-skola-donja-stubica.hr\/wp\/projekt\/#breadcrumb\"},\"inLanguage\":\"hr\",\"potentialAction\":[{\"@type\":\"ReadAction\",\"target\":[\"https:\/\/osnovna-skola-donja-stubica.hr\/wp\/projekt\/\"]}]},{\"@type\":\"ImageObject\",\"inLanguage\":\"hr\",\"@id\":\"https:\/\/osnovna-skola-donja-stubica.hr\/wp\/projekt\/#primaryimage\",\"url\":\"http:\/\/osnovna-skola-donja-stubica.hr\/wp\/wp-content\/uploads\/2017\/06\/IMAG5347-300x168.jpg\",\"contentUrl\":\"http:\/\/osnovna-skola-donja-stubica.hr\/wp\/wp-content\/uploads\/2017\/06\/IMAG5347-300x168.jpg\"},{\"@type\":\"BreadcrumbList\",\"@id\":\"https:\/\/osnovna-skola-donja-stubica.hr\/wp\/projekt\/#breadcrumb\",\"itemListElement\":[{\"@type\":\"ListItem\",\"position\":1,\"name\":\"Po\u010detna stranica\",\"item\":\"https:\/\/osnovna-skola-donja-stubica.hr\/wp\/\"},{\"@type\":\"ListItem\",\"position\":2,\"name\":\"Projekt\"}]},{\"@type\":\"WebSite\",\"@id\":\"https:\/\/osnovna-skola-donja-stubica.hr\/wp\/#website\",\"url\":\"https:\/\/osnovna-skola-donja-stubica.hr\/wp\/\",\"name\":\"O\u0160 Donja Stubica\",\"description\":\"\",\"potentialAction\":[{\"@type\":\"SearchAction\",\"target\":{\"@type\":\"EntryPoint\",\"urlTemplate\":\"https:\/\/osnovna-skola-donja-stubica.hr\/wp\/?s={search_term_string}\"},\"query-input\":\"required name=search_term_string\"}],\"inLanguage\":\"hr\"},{\"@type\":\"Person\",\"@id\":\"https:\/\/osnovna-skola-donja-stubica.hr\/wp\/#\/schema\/person\/ac6675b6713bd5450a007bfd80c14590\",\"name\":\"katarina\",\"image\":{\"@type\":\"ImageObject\",\"inLanguage\":\"hr\",\"@id\":\"https:\/\/osnovna-skola-donja-stubica.hr\/wp\/#\/schema\/person\/image\/\",\"url\":\"https:\/\/secure.gravatar.com\/avatar\/353e8f6e96dd21d0b9287b1cb69bb4db?s=96&d=mm&r=g\",\"contentUrl\":\"https:\/\/secure.gravatar.com\/avatar\/353e8f6e96dd21d0b9287b1cb69bb4db?s=96&d=mm&r=g\",\"caption\":\"katarina\"}}]}<\/script>\n<!-- \/ Yoast SEO plugin. -->","yoast_head_json":{"title":"Projekt - O\u0160 Donja Stubica","robots":{"index":"index","follow":"follow","max-snippet":"max-snippet:-1","max-image-preview":"max-image-preview:large","max-video-preview":"max-video-preview:-1"},"canonical":"https:\/\/osnovna-skola-donja-stubica.hr\/wp\/projekt\/","og_locale":"hr_HR","og_type":"article","og_title":"Projekt - O\u0160 Donja Stubica","og_description":"\u201e Z beciklinom vu \u0160kolu\u201c \u2013 O\u0160 Donja Stubica &nbsp; U zadnjih nekoliko godina Osnovna \u0161kola Donja Stubica stalno je radila na preure\u0111enju prostora za bolje uvjete u\u010denika u \u0161koli tijekom nastave. Me\u0111utim, izme\u0111u svih tih preure\u0111enja, djeca su izgubila mogu\u0107nost dolaska biciklom u \u0161kolu. Nekada su iza \u0161kole postojali stalci za bicikle pa se [&hellip;]","og_url":"https:\/\/osnovna-skola-donja-stubica.hr\/wp\/projekt\/","og_site_name":"O\u0160 Donja Stubica","article_published_time":"2017-06-06T13:40:56+00:00","og_image":[{"url":"http:\/\/osnovna-skola-donja-stubica.hr\/wp\/wp-content\/uploads\/2017\/06\/IMAG5347-300x168.jpg"}],"author":"katarina","twitter_card":"summary_large_image","twitter_misc":{"Napisao\/la":"katarina","Procijenjeno vrijeme \u010ditanja":"3 minute"},"schema":{"@context":"https:\/\/schema.org","@graph":[{"@type":"WebPage","@id":"https:\/\/osnovna-skola-donja-stubica.hr\/wp\/projekt\/","url":"https:\/\/osnovna-skola-donja-stubica.hr\/wp\/projekt\/","name":"Projekt - O\u0160 Donja Stubica","isPartOf":{"@id":"https:\/\/osnovna-skola-donja-stubica.hr\/wp\/#website"},"primaryImageOfPage":{"@id":"https:\/\/osnovna-skola-donja-stubica.hr\/wp\/projekt\/#primaryimage"},"image":{"@id":"https:\/\/osnovna-skola-donja-stubica.hr\/wp\/projekt\/#primaryimage"},"thumbnailUrl":"http:\/\/osnovna-skola-donja-stubica.hr\/wp\/wp-content\/uploads\/2017\/06\/IMAG5347-300x168.jpg","datePublished":"2017-06-06T13:40:56+00:00","dateModified":"2017-06-06T13:40:56+00:00","author":{"@id":"https:\/\/osnovna-skola-donja-stubica.hr\/wp\/#\/schema\/person\/ac6675b6713bd5450a007bfd80c14590"},"breadcrumb":{"@id":"https:\/\/osnovna-skola-donja-stubica.hr\/wp\/projekt\/#breadcrumb"},"inLanguage":"hr","potentialAction":[{"@type":"ReadAction","target":["https:\/\/osnovna-skola-donja-stubica.hr\/wp\/projekt\/"]}]},{"@type":"ImageObject","inLanguage":"hr","@id":"https:\/\/osnovna-skola-donja-stubica.hr\/wp\/projekt\/#primaryimage","url":"http:\/\/osnovna-skola-donja-stubica.hr\/wp\/wp-content\/uploads\/2017\/06\/IMAG5347-300x168.jpg","contentUrl":"http:\/\/osnovna-skola-donja-stubica.hr\/wp\/wp-content\/uploads\/2017\/06\/IMAG5347-300x168.jpg"},{"@type":"BreadcrumbList","@id":"https:\/\/osnovna-skola-donja-stubica.hr\/wp\/projekt\/#breadcrumb","itemListElement":[{"@type":"ListItem","position":1,"name":"Po\u010detna stranica","item":"https:\/\/osnovna-skola-donja-stubica.hr\/wp\/"},{"@type":"ListItem","position":2,"name":"Projekt"}]},{"@type":"WebSite","@id":"https:\/\/osnovna-skola-donja-stubica.hr\/wp\/#website","url":"https:\/\/osnovna-skola-donja-stubica.hr\/wp\/","name":"O\u0160 Donja Stubica","description":"","potentialAction":[{"@type":"SearchAction","target":{"@type":"EntryPoint","urlTemplate":"https:\/\/osnovna-skola-donja-stubica.hr\/wp\/?s={search_term_string}"},"query-input":"required name=search_term_string"}],"inLanguage":"hr"},{"@type":"Person","@id":"https:\/\/osnovna-skola-donja-stubica.hr\/wp\/#\/schema\/person\/ac6675b6713bd5450a007bfd80c14590","name":"katarina","image":{"@type":"ImageObject","inLanguage":"hr","@id":"https:\/\/osnovna-skola-donja-stubica.hr\/wp\/#\/schema\/person\/image\/","url":"https:\/\/secure.gravatar.com\/avatar\/353e8f6e96dd21d0b9287b1cb69bb4db?s=96&d=mm&r=g","contentUrl":"https:\/\/secure.gravatar.com\/avatar\/353e8f6e96dd21d0b9287b1cb69bb4db?s=96&d=mm&r=g","caption":"katarina"}}]}},"jetpack_featured_media_url":"","jetpack_sharing_enabled":true,"jetpack-related-posts":[],"jetpack_shortlink":"https:\/\/wp.me\/s7YpPR-projekt","_links":{"self":[{"href":"https:\/\/osnovna-skola-donja-stubica.hr\/wp\/wp-json\/wp\/v2\/posts\/1323"}],"collection":[{"href":"https:\/\/osnovna-skola-donja-stubica.hr\/wp\/wp-json\/wp\/v2\/posts"}],"about":[{"href":"https:\/\/osnovna-skola-donja-stubica.hr\/wp\/wp-json\/wp\/v2\/types\/post"}],"author":[{"embeddable":true,"href":"https:\/\/osnovna-skola-donja-stubica.hr\/wp\/wp-json\/wp\/v2\/users\/1"}],"replies":[{"embeddable":true,"href":"https:\/\/osnovna-skola-donja-stubica.hr\/wp\/wp-json\/wp\/v2\/comments?post=1323"}],"version-history":[{"count":1,"href":"https:\/\/osnovna-skola-donja-stubica.hr\/wp\/wp-json\/wp\/v2\/posts\/1323\/revisions"}],"predecessor-version":[{"id":1325,"href":"https:\/\/osnovna-skola-donja-stubica.hr\/wp\/wp-json\/wp\/v2\/posts\/1323\/revisions\/1325"}],"wp:attachment":[{"href":"https:\/\/osnovna-skola-donja-stubica.hr\/wp\/wp-json\/wp\/v2\/media?parent=1323"}],"wp:term":[{"taxonomy":"category","embeddable":true,"href":"https:\/\/osnovna-skola-donja-stubica.hr\/wp\/wp-json\/wp\/v2\/categories?post=1323"},{"taxonomy":"post_tag","embeddable":true,"href":"https:\/\/osnovna-skola-donja-stubica.hr\/wp\/wp-json\/wp\/v2\/tags?post=1323"}],"curies":[{"name":"wp","href":"https:\/\/api.w.org\/{rel}","templated":true}]}}