{"id":13295,"date":"2026-04-28T12:33:00","date_gmt":"2026-04-28T10:33:00","guid":{"rendered":"https:\/\/osnovna-skola-donja-stubica.hr\/wp\/?p=13295"},"modified":"2026-04-28T12:33:27","modified_gmt":"2026-04-28T10:33:27","slug":"dogadanja-909","status":"publish","type":"post","link":"https:\/\/osnovna-skola-donja-stubica.hr\/wp\/dogadanja-909\/","title":{"rendered":"Doga\u0111anja"},"content":{"rendered":"\n<figure class=\"wp-block-image size-full\"><img data-attachment-id=\"13296\" data-permalink=\"https:\/\/osnovna-skola-donja-stubica.hr\/wp\/dogadanja-909\/image-11-13\/\" data-orig-file=\"https:\/\/osnovna-skola-donja-stubica.hr\/wp\/wp-content\/uploads\/2026\/04\/image-11.png\" data-orig-size=\"377,153\" data-comments-opened=\"0\" data-image-meta=\"{&quot;aperture&quot;:&quot;0&quot;,&quot;credit&quot;:&quot;&quot;,&quot;camera&quot;:&quot;&quot;,&quot;caption&quot;:&quot;&quot;,&quot;created_timestamp&quot;:&quot;0&quot;,&quot;copyright&quot;:&quot;&quot;,&quot;focal_length&quot;:&quot;0&quot;,&quot;iso&quot;:&quot;0&quot;,&quot;shutter_speed&quot;:&quot;0&quot;,&quot;title&quot;:&quot;&quot;,&quot;orientation&quot;:&quot;0&quot;}\" data-image-title=\"image-11\" data-image-description=\"\" data-image-caption=\"\" data-medium-file=\"https:\/\/osnovna-skola-donja-stubica.hr\/wp\/wp-content\/uploads\/2026\/04\/image-11-300x122.png\" data-large-file=\"https:\/\/osnovna-skola-donja-stubica.hr\/wp\/wp-content\/uploads\/2026\/04\/image-11.png\" decoding=\"async\" loading=\"lazy\" width=\"377\" height=\"153\" src=\"https:\/\/osnovna-skola-donja-stubica.hr\/wp\/wp-content\/uploads\/2026\/04\/image-11.png\" alt=\"\" class=\"wp-image-13296\" srcset=\"https:\/\/osnovna-skola-donja-stubica.hr\/wp\/wp-content\/uploads\/2026\/04\/image-11.png 377w, https:\/\/osnovna-skola-donja-stubica.hr\/wp\/wp-content\/uploads\/2026\/04\/image-11-300x122.png 300w\" sizes=\"(max-width: 377px) 100vw, 377px\" \/><\/figure>\n\n\n\n<h2 class=\"wp-block-heading\">No\u0107 knjige 2026.&nbsp;s golubom Miroslavom Krile\u017eom<\/h2>\n\n\n\n<p>Maskota ovogodi\u0161nje No\u0107i knjige je simpati\u010dni golub nazvan po slavnom piscu <em>Miroslav Krile\u017ea<\/em>.<\/p>\n\n\n\n<p>Njegova poruka za No\u0107 knjige zaslu\u017euje da ju svi pro\u010ditaju:<\/p>\n\n\n\n<h4 class=\"wp-block-heading\"><em>Dragi prijatelji,<\/em><\/h4>\n\n\n\n<h4 class=\"wp-block-heading\"><em>silno me razveselilo \u0161to ste ovogodi\u0161nju No\u0107 knjige posvetili miru i svim onim lijepim vrijednostima koje on podrazumijeva. Stoga sam odlu\u010dio poslati vam malu zahvalu za va\u0161a plemenita nastojanja. Moj dar \u010dine rije\u010di jer ga upu\u0107ujem vama, ljudima od knjiga i slova. Tako\u0111er, morao je stati u pismo, jer na\u0161a diplomatska, golublja po\u0161ta, ne \u0161alje pakete.<\/em><\/h4>\n\n\n\n<h4 class=\"wp-block-heading\"><em>Ljudi su me davno odabrali da svojim bjelinom, krilima i gran\u010dicom koju nosim u kljunu simboliziram mir. Velika je to \u010dast. Mogli ste se dodijeliti brzom sokolu ili mo\u0107nom jastrebu, krilatom albatrosu ili opjevanom labudu. Ipak, odabrali ste mene, malenu i nje\u017enu pticu. Tako ste, mo\u017eda i nehotice, otkrili kako gledate na vrijednost koju predstavljam. I zaista, miru prije svega mo\u017eemo pripisati krhkost. Dana\u0161nje nam vrijeme to osobito jasno pokazuje.<\/em><\/h4>\n\n\n\n<h4 class=\"wp-block-heading\"><em>U svojim diplomatskim misijama nau\u010dio sam mnogo o miru. Za po\u010detak, da ga je potrebno prvo posaditi u \u010dovjeka. Da mu je va\u017eno posvetiti mnogo nje\u017enosti kako bi u\u010dvrstio korijenje i izrastao visok: vi\u0161i od ega i vlastitih interesa. Da ga je u drugima potrebno tra\u017eiti i onda kada se \u010dini da u njihovim srcima ni\u0161ta ne raste. Da va\u0161 mir i tu\u0111i mir imaju potencijal \u0161iriti se dalje. Sve do one \u010duvene \u201elivade iz sna\u201c.<\/em><\/h4>\n\n\n\n<p>U na\u0161oj se \u0161koli ovogodi\u0161nja No\u0107 knjige zbog organizacijskih razloga umjesto 23. travnja obilje\u017eila <strong>u petak 24. travnja<\/strong>. Sudjelovali su <strong>u\u010denici osmog razreda i njihove u\u010diteljice hrvatskoga jezika i knji\u017eevnosti.<\/strong> Izabrali smo temu <strong><em>Balade Petrice Kerempuha, <\/em>&nbsp;Miroslava Krle\u017ee<\/strong> budu\u0107i da se upravo ove godine navr\u0161ava 90 godina od prvog izdavanja \u010duvenih Balada.<\/p>\n\n\n\n<p>Pozabavili smo se s najpoznatijom baladom <strong><em>Khevenhiller<\/em><\/strong>.<\/p>\n\n\n\n<p>Povezali smo stihove iz balade s na\u0161om te\u0161kom povije\u0161\u0107u, posebno epizodama povezanim sa Selja\u010dkom bunom 1573. i protuturskim ratovima te s nepravednom sudbinom koja je zadesila kajkavski jezik. U\u010denicima je razmi\u0161ljanje o stihovima pjesme bilo prili\u010dno naporno, ali su se slo\u017eili da su Krle\u017eini stihovi bezvremenski jer <strong>\u201eNigdar ni tak bilo da ni nekak bilo\u2026\u201c<\/strong><\/p>\n\n\n\n<div style=\"height:10px\" aria-hidden=\"true\" class=\"wp-block-spacer\"><\/div>\n\n\n\n<figure class=\"wp-block-gallery has-nested-images columns-default is-cropped wp-block-gallery-1 is-layout-flex wp-block-gallery-is-layout-flex\">\n<figure class=\"wp-block-image size-full\"><img data-attachment-id=\"13293\" data-permalink=\"https:\/\/osnovna-skola-donja-stubica.hr\/wp\/img-20260424-wa0001\/\" data-orig-file=\"https:\/\/osnovna-skola-donja-stubica.hr\/wp\/wp-content\/uploads\/2026\/04\/IMG-20260424-WA0001.jpg\" data-orig-size=\"2048,806\" data-comments-opened=\"0\" data-image-meta=\"{&quot;aperture&quot;:&quot;0&quot;,&quot;credit&quot;:&quot;&quot;,&quot;camera&quot;:&quot;&quot;,&quot;caption&quot;:&quot;&quot;,&quot;created_timestamp&quot;:&quot;0&quot;,&quot;copyright&quot;:&quot;&quot;,&quot;focal_length&quot;:&quot;0&quot;,&quot;iso&quot;:&quot;0&quot;,&quot;shutter_speed&quot;:&quot;0&quot;,&quot;title&quot;:&quot;&quot;,&quot;orientation&quot;:&quot;0&quot;}\" data-image-title=\"IMG-20260424-WA0001\" data-image-description=\"\" data-image-caption=\"\" data-medium-file=\"https:\/\/osnovna-skola-donja-stubica.hr\/wp\/wp-content\/uploads\/2026\/04\/IMG-20260424-WA0001-300x118.jpg\" data-large-file=\"https:\/\/osnovna-skola-donja-stubica.hr\/wp\/wp-content\/uploads\/2026\/04\/IMG-20260424-WA0001-1024x403.jpg\" decoding=\"async\" loading=\"lazy\" width=\"2048\" height=\"806\" data-id=\"13293\" src=\"https:\/\/osnovna-skola-donja-stubica.hr\/wp\/wp-content\/uploads\/2026\/04\/IMG-20260424-WA0001.jpg\" alt=\"\" class=\"wp-image-13293\" srcset=\"https:\/\/osnovna-skola-donja-stubica.hr\/wp\/wp-content\/uploads\/2026\/04\/IMG-20260424-WA0001.jpg 2048w, https:\/\/osnovna-skola-donja-stubica.hr\/wp\/wp-content\/uploads\/2026\/04\/IMG-20260424-WA0001-300x118.jpg 300w, https:\/\/osnovna-skola-donja-stubica.hr\/wp\/wp-content\/uploads\/2026\/04\/IMG-20260424-WA0001-1024x403.jpg 1024w, https:\/\/osnovna-skola-donja-stubica.hr\/wp\/wp-content\/uploads\/2026\/04\/IMG-20260424-WA0001-768x302.jpg 768w, https:\/\/osnovna-skola-donja-stubica.hr\/wp\/wp-content\/uploads\/2026\/04\/IMG-20260424-WA0001-1536x605.jpg 1536w\" sizes=\"(max-width: 2048px) 100vw, 2048px\" \/><\/figure>\n<\/figure>\n","protected":false},"excerpt":{"rendered":"<p>No\u0107 knjige 2026.&nbsp;s golubom Miroslavom Krile\u017eom Maskota ovogodi\u0161nje No\u0107i knjige je simpati\u010dni golub nazvan po slavnom piscu Miroslav Krile\u017ea. Njegova poruka za No\u0107 knjige zaslu\u017euje da ju svi pro\u010ditaju: Dragi prijatelji, silno me razveselilo \u0161to ste ovogodi\u0161nju No\u0107 knjige posvetili miru i svim onim lijepim vrijednostima koje on podrazumijeva. Stoga sam odlu\u010dio poslati vam malu [&hellip;]<\/p>\n","protected":false},"author":4,"featured_media":0,"comment_status":"closed","ping_status":"open","sticky":false,"template":"","format":"standard","meta":{"footnotes":"","_jetpack_memberships_contains_paid_content":false},"categories":[2],"tags":[],"yoast_head":"<!-- This site is optimized with the Yoast SEO plugin v22.6 - https:\/\/yoast.com\/wordpress\/plugins\/seo\/ -->\n<title>Doga\u0111anja - O\u0160 Donja Stubica<\/title>\n<meta name=\"robots\" content=\"index, follow, max-snippet:-1, max-image-preview:large, max-video-preview:-1\" \/>\n<link rel=\"canonical\" href=\"https:\/\/osnovna-skola-donja-stubica.hr\/wp\/dogadanja-909\/\" \/>\n<meta property=\"og:locale\" content=\"hr_HR\" \/>\n<meta property=\"og:type\" content=\"article\" \/>\n<meta property=\"og:title\" content=\"Doga\u0111anja - O\u0160 Donja Stubica\" \/>\n<meta property=\"og:description\" content=\"No\u0107 knjige 2026.&nbsp;s golubom Miroslavom Krile\u017eom Maskota ovogodi\u0161nje No\u0107i knjige je simpati\u010dni golub nazvan po slavnom piscu Miroslav Krile\u017ea. Njegova poruka za No\u0107 knjige zaslu\u017euje da ju svi pro\u010ditaju: Dragi prijatelji, silno me razveselilo \u0161to ste ovogodi\u0161nju No\u0107 knjige posvetili miru i svim onim lijepim vrijednostima koje on podrazumijeva. Stoga sam odlu\u010dio poslati vam malu [&hellip;]\" \/>\n<meta property=\"og:url\" content=\"https:\/\/osnovna-skola-donja-stubica.hr\/wp\/dogadanja-909\/\" \/>\n<meta property=\"og:site_name\" content=\"O\u0160 Donja Stubica\" \/>\n<meta property=\"article:published_time\" content=\"2026-04-28T10:33:00+00:00\" \/>\n<meta property=\"article:modified_time\" content=\"2026-04-28T10:33:27+00:00\" \/>\n<meta property=\"og:image\" content=\"https:\/\/osnovna-skola-donja-stubica.hr\/wp\/wp-content\/uploads\/2026\/04\/image-11.png\" \/>\n<meta name=\"author\" content=\"manda\" \/>\n<meta name=\"twitter:card\" content=\"summary_large_image\" \/>\n<meta name=\"twitter:label1\" content=\"Napisao\/la\" \/>\n\t<meta name=\"twitter:data1\" content=\"manda\" \/>\n\t<meta name=\"twitter:label2\" content=\"Procijenjeno vrijeme \u010ditanja\" \/>\n\t<meta name=\"twitter:data2\" content=\"3 minute\" \/>\n<script type=\"application\/ld+json\" class=\"yoast-schema-graph\">{\"@context\":\"https:\/\/schema.org\",\"@graph\":[{\"@type\":\"WebPage\",\"@id\":\"https:\/\/osnovna-skola-donja-stubica.hr\/wp\/dogadanja-909\/\",\"url\":\"https:\/\/osnovna-skola-donja-stubica.hr\/wp\/dogadanja-909\/\",\"name\":\"Doga\u0111anja - O\u0160 Donja Stubica\",\"isPartOf\":{\"@id\":\"https:\/\/osnovna-skola-donja-stubica.hr\/wp\/#website\"},\"primaryImageOfPage\":{\"@id\":\"https:\/\/osnovna-skola-donja-stubica.hr\/wp\/dogadanja-909\/#primaryimage\"},\"image\":{\"@id\":\"https:\/\/osnovna-skola-donja-stubica.hr\/wp\/dogadanja-909\/#primaryimage\"},\"thumbnailUrl\":\"https:\/\/osnovna-skola-donja-stubica.hr\/wp\/wp-content\/uploads\/2026\/04\/image-11.png\",\"datePublished\":\"2026-04-28T10:33:00+00:00\",\"dateModified\":\"2026-04-28T10:33:27+00:00\",\"author\":{\"@id\":\"https:\/\/osnovna-skola-donja-stubica.hr\/wp\/#\/schema\/person\/a7a4d6f273cf19e7d01df9f64d3452e3\"},\"breadcrumb\":{\"@id\":\"https:\/\/osnovna-skola-donja-stubica.hr\/wp\/dogadanja-909\/#breadcrumb\"},\"inLanguage\":\"hr\",\"potentialAction\":[{\"@type\":\"ReadAction\",\"target\":[\"https:\/\/osnovna-skola-donja-stubica.hr\/wp\/dogadanja-909\/\"]}]},{\"@type\":\"ImageObject\",\"inLanguage\":\"hr\",\"@id\":\"https:\/\/osnovna-skola-donja-stubica.hr\/wp\/dogadanja-909\/#primaryimage\",\"url\":\"https:\/\/osnovna-skola-donja-stubica.hr\/wp\/wp-content\/uploads\/2026\/04\/image-11.png\",\"contentUrl\":\"https:\/\/osnovna-skola-donja-stubica.hr\/wp\/wp-content\/uploads\/2026\/04\/image-11.png\",\"width\":377,\"height\":153},{\"@type\":\"BreadcrumbList\",\"@id\":\"https:\/\/osnovna-skola-donja-stubica.hr\/wp\/dogadanja-909\/#breadcrumb\",\"itemListElement\":[{\"@type\":\"ListItem\",\"position\":1,\"name\":\"Po\u010detna stranica\",\"item\":\"https:\/\/osnovna-skola-donja-stubica.hr\/wp\/\"},{\"@type\":\"ListItem\",\"position\":2,\"name\":\"Doga\u0111anja\"}]},{\"@type\":\"WebSite\",\"@id\":\"https:\/\/osnovna-skola-donja-stubica.hr\/wp\/#website\",\"url\":\"https:\/\/osnovna-skola-donja-stubica.hr\/wp\/\",\"name\":\"O\u0160 Donja Stubica\",\"description\":\"\",\"potentialAction\":[{\"@type\":\"SearchAction\",\"target\":{\"@type\":\"EntryPoint\",\"urlTemplate\":\"https:\/\/osnovna-skola-donja-stubica.hr\/wp\/?s={search_term_string}\"},\"query-input\":\"required name=search_term_string\"}],\"inLanguage\":\"hr\"},{\"@type\":\"Person\",\"@id\":\"https:\/\/osnovna-skola-donja-stubica.hr\/wp\/#\/schema\/person\/a7a4d6f273cf19e7d01df9f64d3452e3\",\"name\":\"manda\",\"image\":{\"@type\":\"ImageObject\",\"inLanguage\":\"hr\",\"@id\":\"https:\/\/osnovna-skola-donja-stubica.hr\/wp\/#\/schema\/person\/image\/\",\"url\":\"https:\/\/secure.gravatar.com\/avatar\/3310965ab1fce53ef05acd887a75d776?s=96&d=mm&r=g\",\"contentUrl\":\"https:\/\/secure.gravatar.com\/avatar\/3310965ab1fce53ef05acd887a75d776?s=96&d=mm&r=g\",\"caption\":\"manda\"}}]}<\/script>\n<!-- \/ Yoast SEO plugin. -->","yoast_head_json":{"title":"Doga\u0111anja - O\u0160 Donja Stubica","robots":{"index":"index","follow":"follow","max-snippet":"max-snippet:-1","max-image-preview":"max-image-preview:large","max-video-preview":"max-video-preview:-1"},"canonical":"https:\/\/osnovna-skola-donja-stubica.hr\/wp\/dogadanja-909\/","og_locale":"hr_HR","og_type":"article","og_title":"Doga\u0111anja - O\u0160 Donja Stubica","og_description":"No\u0107 knjige 2026.&nbsp;s golubom Miroslavom Krile\u017eom Maskota ovogodi\u0161nje No\u0107i knjige je simpati\u010dni golub nazvan po slavnom piscu Miroslav Krile\u017ea. Njegova poruka za No\u0107 knjige zaslu\u017euje da ju svi pro\u010ditaju: Dragi prijatelji, silno me razveselilo \u0161to ste ovogodi\u0161nju No\u0107 knjige posvetili miru i svim onim lijepim vrijednostima koje on podrazumijeva. Stoga sam odlu\u010dio poslati vam malu [&hellip;]","og_url":"https:\/\/osnovna-skola-donja-stubica.hr\/wp\/dogadanja-909\/","og_site_name":"O\u0160 Donja Stubica","article_published_time":"2026-04-28T10:33:00+00:00","article_modified_time":"2026-04-28T10:33:27+00:00","og_image":[{"url":"https:\/\/osnovna-skola-donja-stubica.hr\/wp\/wp-content\/uploads\/2026\/04\/image-11.png"}],"author":"manda","twitter_card":"summary_large_image","twitter_misc":{"Napisao\/la":"manda","Procijenjeno vrijeme \u010ditanja":"3 minute"},"schema":{"@context":"https:\/\/schema.org","@graph":[{"@type":"WebPage","@id":"https:\/\/osnovna-skola-donja-stubica.hr\/wp\/dogadanja-909\/","url":"https:\/\/osnovna-skola-donja-stubica.hr\/wp\/dogadanja-909\/","name":"Doga\u0111anja - O\u0160 Donja Stubica","isPartOf":{"@id":"https:\/\/osnovna-skola-donja-stubica.hr\/wp\/#website"},"primaryImageOfPage":{"@id":"https:\/\/osnovna-skola-donja-stubica.hr\/wp\/dogadanja-909\/#primaryimage"},"image":{"@id":"https:\/\/osnovna-skola-donja-stubica.hr\/wp\/dogadanja-909\/#primaryimage"},"thumbnailUrl":"https:\/\/osnovna-skola-donja-stubica.hr\/wp\/wp-content\/uploads\/2026\/04\/image-11.png","datePublished":"2026-04-28T10:33:00+00:00","dateModified":"2026-04-28T10:33:27+00:00","author":{"@id":"https:\/\/osnovna-skola-donja-stubica.hr\/wp\/#\/schema\/person\/a7a4d6f273cf19e7d01df9f64d3452e3"},"breadcrumb":{"@id":"https:\/\/osnovna-skola-donja-stubica.hr\/wp\/dogadanja-909\/#breadcrumb"},"inLanguage":"hr","potentialAction":[{"@type":"ReadAction","target":["https:\/\/osnovna-skola-donja-stubica.hr\/wp\/dogadanja-909\/"]}]},{"@type":"ImageObject","inLanguage":"hr","@id":"https:\/\/osnovna-skola-donja-stubica.hr\/wp\/dogadanja-909\/#primaryimage","url":"https:\/\/osnovna-skola-donja-stubica.hr\/wp\/wp-content\/uploads\/2026\/04\/image-11.png","contentUrl":"https:\/\/osnovna-skola-donja-stubica.hr\/wp\/wp-content\/uploads\/2026\/04\/image-11.png","width":377,"height":153},{"@type":"BreadcrumbList","@id":"https:\/\/osnovna-skola-donja-stubica.hr\/wp\/dogadanja-909\/#breadcrumb","itemListElement":[{"@type":"ListItem","position":1,"name":"Po\u010detna stranica","item":"https:\/\/osnovna-skola-donja-stubica.hr\/wp\/"},{"@type":"ListItem","position":2,"name":"Doga\u0111anja"}]},{"@type":"WebSite","@id":"https:\/\/osnovna-skola-donja-stubica.hr\/wp\/#website","url":"https:\/\/osnovna-skola-donja-stubica.hr\/wp\/","name":"O\u0160 Donja Stubica","description":"","potentialAction":[{"@type":"SearchAction","target":{"@type":"EntryPoint","urlTemplate":"https:\/\/osnovna-skola-donja-stubica.hr\/wp\/?s={search_term_string}"},"query-input":"required name=search_term_string"}],"inLanguage":"hr"},{"@type":"Person","@id":"https:\/\/osnovna-skola-donja-stubica.hr\/wp\/#\/schema\/person\/a7a4d6f273cf19e7d01df9f64d3452e3","name":"manda","image":{"@type":"ImageObject","inLanguage":"hr","@id":"https:\/\/osnovna-skola-donja-stubica.hr\/wp\/#\/schema\/person\/image\/","url":"https:\/\/secure.gravatar.com\/avatar\/3310965ab1fce53ef05acd887a75d776?s=96&d=mm&r=g","contentUrl":"https:\/\/secure.gravatar.com\/avatar\/3310965ab1fce53ef05acd887a75d776?s=96&d=mm&r=g","caption":"manda"}}]}},"jetpack_featured_media_url":"","jetpack_sharing_enabled":true,"jetpack-related-posts":[],"jetpack_shortlink":"https:\/\/wp.me\/p7YpPR-3sr","_links":{"self":[{"href":"https:\/\/osnovna-skola-donja-stubica.hr\/wp\/wp-json\/wp\/v2\/posts\/13295"}],"collection":[{"href":"https:\/\/osnovna-skola-donja-stubica.hr\/wp\/wp-json\/wp\/v2\/posts"}],"about":[{"href":"https:\/\/osnovna-skola-donja-stubica.hr\/wp\/wp-json\/wp\/v2\/types\/post"}],"author":[{"embeddable":true,"href":"https:\/\/osnovna-skola-donja-stubica.hr\/wp\/wp-json\/wp\/v2\/users\/4"}],"replies":[{"embeddable":true,"href":"https:\/\/osnovna-skola-donja-stubica.hr\/wp\/wp-json\/wp\/v2\/comments?post=13295"}],"version-history":[{"count":3,"href":"https:\/\/osnovna-skola-donja-stubica.hr\/wp\/wp-json\/wp\/v2\/posts\/13295\/revisions"}],"predecessor-version":[{"id":13306,"href":"https:\/\/osnovna-skola-donja-stubica.hr\/wp\/wp-json\/wp\/v2\/posts\/13295\/revisions\/13306"}],"wp:attachment":[{"href":"https:\/\/osnovna-skola-donja-stubica.hr\/wp\/wp-json\/wp\/v2\/media?parent=13295"}],"wp:term":[{"taxonomy":"category","embeddable":true,"href":"https:\/\/osnovna-skola-donja-stubica.hr\/wp\/wp-json\/wp\/v2\/categories?post=13295"},{"taxonomy":"post_tag","embeddable":true,"href":"https:\/\/osnovna-skola-donja-stubica.hr\/wp\/wp-json\/wp\/v2\/tags?post=13295"}],"curies":[{"name":"wp","href":"https:\/\/api.w.org\/{rel}","templated":true}]}}