{"id":2595,"date":"2018-06-05T18:07:13","date_gmt":"2018-06-05T16:07:13","guid":{"rendered":"http:\/\/osnovna-skola-donja-stubica.hr\/?p=2595"},"modified":"2018-06-05T20:08:07","modified_gmt":"2018-06-05T18:08:07","slug":"dogadanja-202","status":"publish","type":"post","link":"https:\/\/osnovna-skola-donja-stubica.hr\/wp\/dogadanja-202\/","title":{"rendered":"Doga\u0111anja"},"content":{"rendered":"<h1>Maturalno putovanje na\u0161ih sedma\u0161a<\/h1>\n<p>&nbsp;<\/p>\n<p><span style=\"color: #99cc00;\"><img data-attachment-id=\"2596\" data-permalink=\"https:\/\/osnovna-skola-donja-stubica.hr\/wp\/dogadanja-202\/20180529_094335\/\" data-orig-file=\"https:\/\/osnovna-skola-donja-stubica.hr\/wp\/wp-content\/uploads\/2018\/06\/20180529_094335.jpg\" data-orig-size=\"3264,1836\" data-comments-opened=\"0\" data-image-meta=\"{&quot;aperture&quot;:&quot;2.2&quot;,&quot;credit&quot;:&quot;&quot;,&quot;camera&quot;:&quot;GT-I9505&quot;,&quot;caption&quot;:&quot;&quot;,&quot;created_timestamp&quot;:&quot;1527587015&quot;,&quot;copyright&quot;:&quot;&quot;,&quot;focal_length&quot;:&quot;4.2&quot;,&quot;iso&quot;:&quot;50&quot;,&quot;shutter_speed&quot;:&quot;0.0030959752321981&quot;,&quot;title&quot;:&quot;&quot;,&quot;orientation&quot;:&quot;1&quot;}\" data-image-title=\"20180529_094335\" data-image-description=\"\" data-image-caption=\"\" data-medium-file=\"https:\/\/osnovna-skola-donja-stubica.hr\/wp\/wp-content\/uploads\/2018\/06\/20180529_094335-300x169.jpg\" data-large-file=\"https:\/\/osnovna-skola-donja-stubica.hr\/wp\/wp-content\/uploads\/2018\/06\/20180529_094335-1024x576.jpg\" decoding=\"async\" loading=\"lazy\" class=\"alignleft wp-image-2596 size-medium\" src=\"https:\/\/osnovna-skola-donja-stubica.hr\/wp\/wp-content\/uploads\/2018\/06\/20180529_094335-300x169.jpg\" alt=\"\" width=\"300\" height=\"169\" srcset=\"https:\/\/osnovna-skola-donja-stubica.hr\/wp\/wp-content\/uploads\/2018\/06\/20180529_094335-300x169.jpg 300w, https:\/\/osnovna-skola-donja-stubica.hr\/wp\/wp-content\/uploads\/2018\/06\/20180529_094335-768x432.jpg 768w, https:\/\/osnovna-skola-donja-stubica.hr\/wp\/wp-content\/uploads\/2018\/06\/20180529_094335-1024x576.jpg 1024w\" sizes=\"(max-width: 300px) 100vw, 300px\" \/>U\u010denici sedmih razreda su u ponedjeljak 28. svibnja 2018. godine i\u0161li na maturalac. Polazak ispred mati\u010dne \u0161kole je bio u 4:30 sati. U pratnji u\u010denika bile su u\u010diteljice: Katarina Poslek, Kristina Cikovi\u0107 Lackovi\u0107 i Snje\u017eana \u0160tefek Borov\u010dak. Tijekom vo\u017enje nam je voditeljica Maja pri\u010dala o mjestima, rijekama i planinama pored kojih smo prolazili.<\/span><\/p>\n<p>Stigli smo do Klisa te smo se penjali do utvrde. Tamo nas je do\u010dekao vodi\u010d koji je bio odjeven u odoru pripadnika povijesne vojne formacije <em>Kli\u0161kih uskoka<\/em>. Razgledavali smo izlo\u0161ke povijesnoga usko\u010dkog oru\u017eja i odora. Posebno nam se svidjela informacija da se na Klisu snimala scena iz popularne ameri\u010dke serije &#8220;Game of Thrones&#8221;. Pri\u00a0 zavr\u0161etku razgledavanja \u00a0ga\u0111ali smo metu lukom i strijelom.<\/p>\n<p>Poslije razgledavanja krenuli smo u Split gdje smo uz pratnju stru\u010dnoga vodi\u010da razgledali grad. Uputili smo se prema hotelu <em>Zagreb <\/em>u kojem smo bili smje\u0161teni. Smjestili smo se u sobe te se brzo spremili za kupanje kako bi oti\u0161li na pla\u017eu. Nakon kupanja vratili smo se u hotel. Ve\u010derali smo, a nakon ve\u010dere i\u0161li smo u disco.\u00a0<!--more--><\/p>\n<p>Drugi dan smo nakon doru\u010dka krenuli u dolinu rijeke Neretve. Posjetili smo Arheolo\u0161ki muzej Narona u Vidu pored Metkovi\u0107a \u00a0gdje smo vidjeli ostatke staroga rimskog grada i razne predmete koje su prona\u0161li oko njega. Nakon toga smo krenuli na vo\u017enju rukavcima i kanalima rijeke Neretve u la\u0111i. Ru\u010dali smo u <em>Neretvanskoj ku\u0107i<\/em>. Nakon ru\u010dka smo se uputili prema Makarskoj. Po dolasku smo razgledali Makarsku i Malakolo\u0161ki muzej u kojem smo mogli vidjeti \u0161koljke iz Jadranskoga mora, ali i iz drugih svjetskih mora i oceana. Vratili smo se u hotel te smo ve\u010derali. Nakon ve\u010dere smo opet oti\u0161li u disco.<\/p>\n<p>Tre\u0107i dan smo odmah nakon doru\u010dka oti\u0161li na pla\u017eu i na kupanje u moru. Nakon kupanja vratili smo se u hotel i spremili sve svoje stvari.\u00a0Ru\u010dali smo te smo se odjavili iz hotela.<\/p>\n<p>Krenuli smo prema Sinju. Po dolasku smo razgledali grad i posjetili Muzej Sinjske alke po kojoj je Sinj svjetski poznat.\u00a0 Saznali smo da je Sinjska alka uvr\u0161tena na UNESCO-v popis nematerijalne svjetske ba\u0161tine i da se ove godine odr\u017eava 303. Sinjska alka.<\/p>\n<p>Nakon razgledavanja uputili smo se ku\u0107i u Donju Stubicu. \u00a0Bilo nam je lijepo i pamtit \u0107emo ovaj maturalac cijeloga \u017eivota!<\/p>\n<p>&nbsp;<\/p>\n<p><img data-attachment-id=\"2597\" data-permalink=\"https:\/\/osnovna-skola-donja-stubica.hr\/wp\/dogadanja-202\/20180529_122328\/\" data-orig-file=\"https:\/\/osnovna-skola-donja-stubica.hr\/wp\/wp-content\/uploads\/2018\/06\/20180529_122328.jpg\" data-orig-size=\"3264,1836\" data-comments-opened=\"0\" data-image-meta=\"{&quot;aperture&quot;:&quot;2.2&quot;,&quot;credit&quot;:&quot;&quot;,&quot;camera&quot;:&quot;GT-I9505&quot;,&quot;caption&quot;:&quot;&quot;,&quot;created_timestamp&quot;:&quot;1527596607&quot;,&quot;copyright&quot;:&quot;&quot;,&quot;focal_length&quot;:&quot;4.2&quot;,&quot;iso&quot;:&quot;50&quot;,&quot;shutter_speed&quot;:&quot;0.0018181818181818&quot;,&quot;title&quot;:&quot;&quot;,&quot;orientation&quot;:&quot;1&quot;}\" data-image-title=\"20180529_122328\" data-image-description=\"\" data-image-caption=\"\" data-medium-file=\"https:\/\/osnovna-skola-donja-stubica.hr\/wp\/wp-content\/uploads\/2018\/06\/20180529_122328-300x169.jpg\" data-large-file=\"https:\/\/osnovna-skola-donja-stubica.hr\/wp\/wp-content\/uploads\/2018\/06\/20180529_122328-1024x576.jpg\" decoding=\"async\" loading=\"lazy\" class=\"alignleft wp-image-2597 size-medium\" src=\"https:\/\/osnovna-skola-donja-stubica.hr\/wp\/wp-content\/uploads\/2018\/06\/20180529_122328-300x169.jpg\" alt=\"\" width=\"300\" height=\"169\" srcset=\"https:\/\/osnovna-skola-donja-stubica.hr\/wp\/wp-content\/uploads\/2018\/06\/20180529_122328-300x169.jpg 300w, https:\/\/osnovna-skola-donja-stubica.hr\/wp\/wp-content\/uploads\/2018\/06\/20180529_122328-768x432.jpg 768w, https:\/\/osnovna-skola-donja-stubica.hr\/wp\/wp-content\/uploads\/2018\/06\/20180529_122328-1024x576.jpg 1024w\" sizes=\"(max-width: 300px) 100vw, 300px\" \/><\/p>\n<p>Dorijan Gu\u010din, 7.a<\/p>\n<p>&nbsp;<\/p>\n","protected":false},"excerpt":{"rendered":"<p>Maturalno putovanje na\u0161ih sedma\u0161a &nbsp; U\u010denici sedmih razreda su u ponedjeljak 28. svibnja 2018. godine i\u0161li na maturalac. Polazak ispred mati\u010dne \u0161kole je bio u 4:30 sati. U pratnji u\u010denika bile su u\u010diteljice: Katarina Poslek, Kristina Cikovi\u0107 Lackovi\u0107 i Snje\u017eana \u0160tefek Borov\u010dak. Tijekom vo\u017enje nam je voditeljica Maja pri\u010dala o mjestima, rijekama i planinama pored [&hellip;]<\/p>\n","protected":false},"author":1,"featured_media":0,"comment_status":"closed","ping_status":"open","sticky":false,"template":"","format":"standard","meta":{"footnotes":"","_jetpack_memberships_contains_paid_content":false},"categories":[2],"tags":[],"yoast_head":"<!-- This site is optimized with the Yoast SEO plugin v22.6 - https:\/\/yoast.com\/wordpress\/plugins\/seo\/ -->\n<title>Doga\u0111anja - O\u0160 Donja Stubica<\/title>\n<meta name=\"robots\" content=\"index, follow, max-snippet:-1, max-image-preview:large, max-video-preview:-1\" \/>\n<link rel=\"canonical\" href=\"https:\/\/osnovna-skola-donja-stubica.hr\/wp\/dogadanja-202\/\" \/>\n<meta property=\"og:locale\" content=\"hr_HR\" \/>\n<meta property=\"og:type\" content=\"article\" \/>\n<meta property=\"og:title\" content=\"Doga\u0111anja - O\u0160 Donja Stubica\" \/>\n<meta property=\"og:description\" content=\"Maturalno putovanje na\u0161ih sedma\u0161a &nbsp; U\u010denici sedmih razreda su u ponedjeljak 28. svibnja 2018. godine i\u0161li na maturalac. Polazak ispred mati\u010dne \u0161kole je bio u 4:30 sati. U pratnji u\u010denika bile su u\u010diteljice: Katarina Poslek, Kristina Cikovi\u0107 Lackovi\u0107 i Snje\u017eana \u0160tefek Borov\u010dak. Tijekom vo\u017enje nam je voditeljica Maja pri\u010dala o mjestima, rijekama i planinama pored [&hellip;]\" \/>\n<meta property=\"og:url\" content=\"https:\/\/osnovna-skola-donja-stubica.hr\/wp\/dogadanja-202\/\" \/>\n<meta property=\"og:site_name\" content=\"O\u0160 Donja Stubica\" \/>\n<meta property=\"article:published_time\" content=\"2018-06-05T16:07:13+00:00\" \/>\n<meta property=\"article:modified_time\" content=\"2018-06-05T18:08:07+00:00\" \/>\n<meta property=\"og:image\" content=\"http:\/\/osnovna-skola-donja-stubica.hr\/wp\/wp-content\/uploads\/2018\/06\/20180529_094335-300x169.jpg\" \/>\n<meta name=\"author\" content=\"katarina\" \/>\n<meta name=\"twitter:card\" content=\"summary_large_image\" \/>\n<meta name=\"twitter:label1\" content=\"Napisao\/la\" \/>\n\t<meta name=\"twitter:data1\" content=\"katarina\" \/>\n\t<meta name=\"twitter:label2\" content=\"Procijenjeno vrijeme \u010ditanja\" \/>\n\t<meta name=\"twitter:data2\" content=\"2 minute\" \/>\n<script type=\"application\/ld+json\" class=\"yoast-schema-graph\">{\"@context\":\"https:\/\/schema.org\",\"@graph\":[{\"@type\":\"WebPage\",\"@id\":\"https:\/\/osnovna-skola-donja-stubica.hr\/wp\/dogadanja-202\/\",\"url\":\"https:\/\/osnovna-skola-donja-stubica.hr\/wp\/dogadanja-202\/\",\"name\":\"Doga\u0111anja - O\u0160 Donja Stubica\",\"isPartOf\":{\"@id\":\"https:\/\/osnovna-skola-donja-stubica.hr\/wp\/#website\"},\"primaryImageOfPage\":{\"@id\":\"https:\/\/osnovna-skola-donja-stubica.hr\/wp\/dogadanja-202\/#primaryimage\"},\"image\":{\"@id\":\"https:\/\/osnovna-skola-donja-stubica.hr\/wp\/dogadanja-202\/#primaryimage\"},\"thumbnailUrl\":\"http:\/\/osnovna-skola-donja-stubica.hr\/wp\/wp-content\/uploads\/2018\/06\/20180529_094335-300x169.jpg\",\"datePublished\":\"2018-06-05T16:07:13+00:00\",\"dateModified\":\"2018-06-05T18:08:07+00:00\",\"author\":{\"@id\":\"https:\/\/osnovna-skola-donja-stubica.hr\/wp\/#\/schema\/person\/ac6675b6713bd5450a007bfd80c14590\"},\"breadcrumb\":{\"@id\":\"https:\/\/osnovna-skola-donja-stubica.hr\/wp\/dogadanja-202\/#breadcrumb\"},\"inLanguage\":\"hr\",\"potentialAction\":[{\"@type\":\"ReadAction\",\"target\":[\"https:\/\/osnovna-skola-donja-stubica.hr\/wp\/dogadanja-202\/\"]}]},{\"@type\":\"ImageObject\",\"inLanguage\":\"hr\",\"@id\":\"https:\/\/osnovna-skola-donja-stubica.hr\/wp\/dogadanja-202\/#primaryimage\",\"url\":\"http:\/\/osnovna-skola-donja-stubica.hr\/wp\/wp-content\/uploads\/2018\/06\/20180529_094335-300x169.jpg\",\"contentUrl\":\"http:\/\/osnovna-skola-donja-stubica.hr\/wp\/wp-content\/uploads\/2018\/06\/20180529_094335-300x169.jpg\"},{\"@type\":\"BreadcrumbList\",\"@id\":\"https:\/\/osnovna-skola-donja-stubica.hr\/wp\/dogadanja-202\/#breadcrumb\",\"itemListElement\":[{\"@type\":\"ListItem\",\"position\":1,\"name\":\"Po\u010detna stranica\",\"item\":\"https:\/\/osnovna-skola-donja-stubica.hr\/wp\/\"},{\"@type\":\"ListItem\",\"position\":2,\"name\":\"Doga\u0111anja\"}]},{\"@type\":\"WebSite\",\"@id\":\"https:\/\/osnovna-skola-donja-stubica.hr\/wp\/#website\",\"url\":\"https:\/\/osnovna-skola-donja-stubica.hr\/wp\/\",\"name\":\"O\u0160 Donja Stubica\",\"description\":\"\",\"potentialAction\":[{\"@type\":\"SearchAction\",\"target\":{\"@type\":\"EntryPoint\",\"urlTemplate\":\"https:\/\/osnovna-skola-donja-stubica.hr\/wp\/?s={search_term_string}\"},\"query-input\":\"required name=search_term_string\"}],\"inLanguage\":\"hr\"},{\"@type\":\"Person\",\"@id\":\"https:\/\/osnovna-skola-donja-stubica.hr\/wp\/#\/schema\/person\/ac6675b6713bd5450a007bfd80c14590\",\"name\":\"katarina\",\"image\":{\"@type\":\"ImageObject\",\"inLanguage\":\"hr\",\"@id\":\"https:\/\/osnovna-skola-donja-stubica.hr\/wp\/#\/schema\/person\/image\/\",\"url\":\"https:\/\/secure.gravatar.com\/avatar\/353e8f6e96dd21d0b9287b1cb69bb4db?s=96&d=mm&r=g\",\"contentUrl\":\"https:\/\/secure.gravatar.com\/avatar\/353e8f6e96dd21d0b9287b1cb69bb4db?s=96&d=mm&r=g\",\"caption\":\"katarina\"}}]}<\/script>\n<!-- \/ Yoast SEO plugin. -->","yoast_head_json":{"title":"Doga\u0111anja - O\u0160 Donja Stubica","robots":{"index":"index","follow":"follow","max-snippet":"max-snippet:-1","max-image-preview":"max-image-preview:large","max-video-preview":"max-video-preview:-1"},"canonical":"https:\/\/osnovna-skola-donja-stubica.hr\/wp\/dogadanja-202\/","og_locale":"hr_HR","og_type":"article","og_title":"Doga\u0111anja - O\u0160 Donja Stubica","og_description":"Maturalno putovanje na\u0161ih sedma\u0161a &nbsp; U\u010denici sedmih razreda su u ponedjeljak 28. svibnja 2018. godine i\u0161li na maturalac. Polazak ispred mati\u010dne \u0161kole je bio u 4:30 sati. U pratnji u\u010denika bile su u\u010diteljice: Katarina Poslek, Kristina Cikovi\u0107 Lackovi\u0107 i Snje\u017eana \u0160tefek Borov\u010dak. Tijekom vo\u017enje nam je voditeljica Maja pri\u010dala o mjestima, rijekama i planinama pored [&hellip;]","og_url":"https:\/\/osnovna-skola-donja-stubica.hr\/wp\/dogadanja-202\/","og_site_name":"O\u0160 Donja Stubica","article_published_time":"2018-06-05T16:07:13+00:00","article_modified_time":"2018-06-05T18:08:07+00:00","og_image":[{"url":"http:\/\/osnovna-skola-donja-stubica.hr\/wp\/wp-content\/uploads\/2018\/06\/20180529_094335-300x169.jpg"}],"author":"katarina","twitter_card":"summary_large_image","twitter_misc":{"Napisao\/la":"katarina","Procijenjeno vrijeme \u010ditanja":"2 minute"},"schema":{"@context":"https:\/\/schema.org","@graph":[{"@type":"WebPage","@id":"https:\/\/osnovna-skola-donja-stubica.hr\/wp\/dogadanja-202\/","url":"https:\/\/osnovna-skola-donja-stubica.hr\/wp\/dogadanja-202\/","name":"Doga\u0111anja - O\u0160 Donja Stubica","isPartOf":{"@id":"https:\/\/osnovna-skola-donja-stubica.hr\/wp\/#website"},"primaryImageOfPage":{"@id":"https:\/\/osnovna-skola-donja-stubica.hr\/wp\/dogadanja-202\/#primaryimage"},"image":{"@id":"https:\/\/osnovna-skola-donja-stubica.hr\/wp\/dogadanja-202\/#primaryimage"},"thumbnailUrl":"http:\/\/osnovna-skola-donja-stubica.hr\/wp\/wp-content\/uploads\/2018\/06\/20180529_094335-300x169.jpg","datePublished":"2018-06-05T16:07:13+00:00","dateModified":"2018-06-05T18:08:07+00:00","author":{"@id":"https:\/\/osnovna-skola-donja-stubica.hr\/wp\/#\/schema\/person\/ac6675b6713bd5450a007bfd80c14590"},"breadcrumb":{"@id":"https:\/\/osnovna-skola-donja-stubica.hr\/wp\/dogadanja-202\/#breadcrumb"},"inLanguage":"hr","potentialAction":[{"@type":"ReadAction","target":["https:\/\/osnovna-skola-donja-stubica.hr\/wp\/dogadanja-202\/"]}]},{"@type":"ImageObject","inLanguage":"hr","@id":"https:\/\/osnovna-skola-donja-stubica.hr\/wp\/dogadanja-202\/#primaryimage","url":"http:\/\/osnovna-skola-donja-stubica.hr\/wp\/wp-content\/uploads\/2018\/06\/20180529_094335-300x169.jpg","contentUrl":"http:\/\/osnovna-skola-donja-stubica.hr\/wp\/wp-content\/uploads\/2018\/06\/20180529_094335-300x169.jpg"},{"@type":"BreadcrumbList","@id":"https:\/\/osnovna-skola-donja-stubica.hr\/wp\/dogadanja-202\/#breadcrumb","itemListElement":[{"@type":"ListItem","position":1,"name":"Po\u010detna stranica","item":"https:\/\/osnovna-skola-donja-stubica.hr\/wp\/"},{"@type":"ListItem","position":2,"name":"Doga\u0111anja"}]},{"@type":"WebSite","@id":"https:\/\/osnovna-skola-donja-stubica.hr\/wp\/#website","url":"https:\/\/osnovna-skola-donja-stubica.hr\/wp\/","name":"O\u0160 Donja Stubica","description":"","potentialAction":[{"@type":"SearchAction","target":{"@type":"EntryPoint","urlTemplate":"https:\/\/osnovna-skola-donja-stubica.hr\/wp\/?s={search_term_string}"},"query-input":"required name=search_term_string"}],"inLanguage":"hr"},{"@type":"Person","@id":"https:\/\/osnovna-skola-donja-stubica.hr\/wp\/#\/schema\/person\/ac6675b6713bd5450a007bfd80c14590","name":"katarina","image":{"@type":"ImageObject","inLanguage":"hr","@id":"https:\/\/osnovna-skola-donja-stubica.hr\/wp\/#\/schema\/person\/image\/","url":"https:\/\/secure.gravatar.com\/avatar\/353e8f6e96dd21d0b9287b1cb69bb4db?s=96&d=mm&r=g","contentUrl":"https:\/\/secure.gravatar.com\/avatar\/353e8f6e96dd21d0b9287b1cb69bb4db?s=96&d=mm&r=g","caption":"katarina"}}]}},"jetpack_featured_media_url":"","jetpack_sharing_enabled":true,"jetpack-related-posts":[],"jetpack_shortlink":"https:\/\/wp.me\/p7YpPR-FR","_links":{"self":[{"href":"https:\/\/osnovna-skola-donja-stubica.hr\/wp\/wp-json\/wp\/v2\/posts\/2595"}],"collection":[{"href":"https:\/\/osnovna-skola-donja-stubica.hr\/wp\/wp-json\/wp\/v2\/posts"}],"about":[{"href":"https:\/\/osnovna-skola-donja-stubica.hr\/wp\/wp-json\/wp\/v2\/types\/post"}],"author":[{"embeddable":true,"href":"https:\/\/osnovna-skola-donja-stubica.hr\/wp\/wp-json\/wp\/v2\/users\/1"}],"replies":[{"embeddable":true,"href":"https:\/\/osnovna-skola-donja-stubica.hr\/wp\/wp-json\/wp\/v2\/comments?post=2595"}],"version-history":[{"count":1,"href":"https:\/\/osnovna-skola-donja-stubica.hr\/wp\/wp-json\/wp\/v2\/posts\/2595\/revisions"}],"predecessor-version":[{"id":2598,"href":"https:\/\/osnovna-skola-donja-stubica.hr\/wp\/wp-json\/wp\/v2\/posts\/2595\/revisions\/2598"}],"wp:attachment":[{"href":"https:\/\/osnovna-skola-donja-stubica.hr\/wp\/wp-json\/wp\/v2\/media?parent=2595"}],"wp:term":[{"taxonomy":"category","embeddable":true,"href":"https:\/\/osnovna-skola-donja-stubica.hr\/wp\/wp-json\/wp\/v2\/categories?post=2595"},{"taxonomy":"post_tag","embeddable":true,"href":"https:\/\/osnovna-skola-donja-stubica.hr\/wp\/wp-json\/wp\/v2\/tags?post=2595"}],"curies":[{"name":"wp","href":"https:\/\/api.w.org\/{rel}","templated":true}]}}