{"id":2641,"date":"2018-06-18T15:32:45","date_gmt":"2018-06-18T13:32:45","guid":{"rendered":"http:\/\/osnovna-skola-donja-stubica.hr\/?p=2641"},"modified":"2018-06-18T16:33:45","modified_gmt":"2018-06-18T14:33:45","slug":"dogadanja-208","status":"publish","type":"post","link":"https:\/\/osnovna-skola-donja-stubica.hr\/wp\/dogadanja-208\/","title":{"rendered":"Doga\u0111anja"},"content":{"rendered":"<h1>Obavijest u\u010denicima<\/h1>\n<p>&nbsp;<\/p>\n<p><span style=\"color: #99cc00;\">Produ\u017eena nastava odr\u017eat \u0107e se po sljede\u0107em rasporedu:<\/span><\/p>\n<p>MATEMATIKA<\/p>\n<p>(u\u010diteljica Andrea \u010cmarec)<\/p>\n<p>19.6.\u00a0\u00a0 8.00-9.30<\/p>\n<p>20.6. \u00a0\u00a08.00-9.30<\/p>\n<p>21.6. \u00a0\u00a08.00-9.30<\/p>\n<p>26.6. \u00a0\u00a08.00-9.30<\/p>\n<p>27.6.\u00a0\u00a0 8.00-9.30<\/p>\n<p>&nbsp;<\/p>\n<p>MATEMATIKA<\/p>\n<p>(u\u010diteljica Ljubica O\u010dko)<\/p>\n<p>19.6.\u00a0\u00a0 9.30-11.00<\/p>\n<p>20.6.\u00a0\u00a0 9.30-11.00<\/p>\n<p>21.6.\u00a0\u00a0 9.30-11.00<\/p>\n<p>26.6. \u00a0\u00a08.00-9.30<\/p>\n<p>27.6.\u00a0\u00a0 8.00-9.30<\/p>\n<p>&nbsp;<\/p>\n<p>NJEMA\u010cKI JEZIK<\/p>\n<p>(u\u010diteljica Lidija Mui\u0107)<\/p>\n<p>19.6.\u00a0\u00a0 10.00-11.30<\/p>\n<p>20.6. \u00a0\u00a010.00-11.30<\/p>\n<p>21.6.\u00a0\u00a0 10.00-11.30<\/p>\n<p>26.6.\u00a0\u00a0 10.00-11.30<\/p>\n<p>27.6.\u00a0\u00a0 10.00-11.30<\/p>\n<p>&nbsp;<\/p>\n<p>FIZIKA<\/p>\n<p>(u\u010diteljica Dubravka Vuk)<\/p>\n<p>19.6.\u00a0\u00a0 8.00-9.30<\/p>\n<p>20.6. \u00a0\u00a08.00-9.30<\/p>\n<p>21.6. \u00a0\u00a08.00-9.30<\/p>\n<p>26.6.\u00a0\u00a0 9.30-11.00<\/p>\n<p>27.6.\u00a0\u00a0 9.30-11.00<\/p>\n<p>&nbsp;<\/p>\n<p>&nbsp;<\/p>\n<p>&nbsp;<\/p>\n<p>KEMIJA<\/p>\n<p>(u\u010diteljica Katica Kova\u010di\u0107)<\/p>\n<p>19.6.\u00a0 9.30-11.00<\/p>\n<p>20.6.\u00a0 9.30-11.00<\/p>\n<p>21.6.\u00a0 9.30-11.00<\/p>\n<p>26.6.\u00a0 8.00-9.30<\/p>\n<p>27.6.\u00a0 8.00-9.30<\/p>\n<p>&nbsp;<\/p>\n<p>HRVATSKI JEZIK<\/p>\n<p>(u\u010diteljica Koraljka Parlaj)<\/p>\n<p>19.6.\u00a0 9.30-11.00<\/p>\n<p>20.6.\u00a0 9.30-11.00<\/p>\n<p>21.6.\u00a0 9.30-11.00<\/p>\n<p>26.6.\u00a0 8.00-9.30<\/p>\n<p>27.6.\u00a0 8.00-9.30<\/p>\n<p>&nbsp;<\/p>\n<p>NJEMA\u010cKI JEZIK<\/p>\n<p>(u\u010diteljica Gordana Smokrovi\u0107 Mio\u010d)<\/p>\n<p>19.6.\u00a0 11.45-14.00<\/p>\n<p>21.6.\u00a0 12.30-14.00<\/p>\n<p>26.6.\u00a0 12.30-14.00<\/p>\n<p>28.6.\u00a0 11.45-14.00<\/p>\n<p>&nbsp;<\/p>\n<p>&nbsp;<\/p>\n<p>Sretno svima!<\/p>\n<p>&nbsp;<\/p>\n","protected":false},"excerpt":{"rendered":"<p>Obavijest u\u010denicima &nbsp; Produ\u017eena nastava odr\u017eat \u0107e se po sljede\u0107em rasporedu: MATEMATIKA (u\u010diteljica Andrea \u010cmarec) 19.6.\u00a0\u00a0 8.00-9.30 20.6. \u00a0\u00a08.00-9.30 21.6. \u00a0\u00a08.00-9.30 26.6. \u00a0\u00a08.00-9.30 27.6.\u00a0\u00a0 8.00-9.30 &nbsp; MATEMATIKA (u\u010diteljica Ljubica O\u010dko) 19.6.\u00a0\u00a0 9.30-11.00 20.6.\u00a0\u00a0 9.30-11.00 21.6.\u00a0\u00a0 9.30-11.00 26.6. \u00a0\u00a08.00-9.30 27.6.\u00a0\u00a0 8.00-9.30 &nbsp; NJEMA\u010cKI JEZIK (u\u010diteljica Lidija Mui\u0107) 19.6.\u00a0\u00a0 10.00-11.30 20.6. \u00a0\u00a010.00-11.30 21.6.\u00a0\u00a0 10.00-11.30 26.6.\u00a0\u00a0 10.00-11.30 27.6.\u00a0\u00a0 [&hellip;]<\/p>\n","protected":false},"author":1,"featured_media":0,"comment_status":"closed","ping_status":"open","sticky":false,"template":"","format":"standard","meta":{"footnotes":"","_jetpack_memberships_contains_paid_content":false},"categories":[2],"tags":[],"yoast_head":"<!-- This site is optimized with the Yoast SEO plugin v22.6 - https:\/\/yoast.com\/wordpress\/plugins\/seo\/ -->\n<title>Doga\u0111anja - O\u0160 Donja Stubica<\/title>\n<meta name=\"robots\" content=\"index, follow, max-snippet:-1, max-image-preview:large, max-video-preview:-1\" \/>\n<link rel=\"canonical\" href=\"https:\/\/osnovna-skola-donja-stubica.hr\/wp\/dogadanja-208\/\" \/>\n<meta property=\"og:locale\" content=\"hr_HR\" \/>\n<meta property=\"og:type\" content=\"article\" \/>\n<meta property=\"og:title\" content=\"Doga\u0111anja - O\u0160 Donja Stubica\" \/>\n<meta property=\"og:description\" content=\"Obavijest u\u010denicima &nbsp; Produ\u017eena nastava odr\u017eat \u0107e se po sljede\u0107em rasporedu: MATEMATIKA (u\u010diteljica Andrea \u010cmarec) 19.6.\u00a0\u00a0 8.00-9.30 20.6. \u00a0\u00a08.00-9.30 21.6. \u00a0\u00a08.00-9.30 26.6. \u00a0\u00a08.00-9.30 27.6.\u00a0\u00a0 8.00-9.30 &nbsp; MATEMATIKA (u\u010diteljica Ljubica O\u010dko) 19.6.\u00a0\u00a0 9.30-11.00 20.6.\u00a0\u00a0 9.30-11.00 21.6.\u00a0\u00a0 9.30-11.00 26.6. \u00a0\u00a08.00-9.30 27.6.\u00a0\u00a0 8.00-9.30 &nbsp; NJEMA\u010cKI JEZIK (u\u010diteljica Lidija Mui\u0107) 19.6.\u00a0\u00a0 10.00-11.30 20.6. \u00a0\u00a010.00-11.30 21.6.\u00a0\u00a0 10.00-11.30 26.6.\u00a0\u00a0 10.00-11.30 27.6.\u00a0\u00a0 [&hellip;]\" \/>\n<meta property=\"og:url\" content=\"https:\/\/osnovna-skola-donja-stubica.hr\/wp\/dogadanja-208\/\" \/>\n<meta property=\"og:site_name\" content=\"O\u0160 Donja Stubica\" \/>\n<meta property=\"article:published_time\" content=\"2018-06-18T13:32:45+00:00\" \/>\n<meta property=\"article:modified_time\" content=\"2018-06-18T14:33:45+00:00\" \/>\n<meta name=\"author\" content=\"katarina\" \/>\n<meta name=\"twitter:card\" content=\"summary_large_image\" \/>\n<meta name=\"twitter:label1\" content=\"Napisao\/la\" \/>\n\t<meta name=\"twitter:data1\" content=\"katarina\" \/>\n\t<meta name=\"twitter:label2\" content=\"Procijenjeno vrijeme \u010ditanja\" \/>\n\t<meta name=\"twitter:data2\" content=\"1 minuta\" \/>\n<script type=\"application\/ld+json\" class=\"yoast-schema-graph\">{\"@context\":\"https:\/\/schema.org\",\"@graph\":[{\"@type\":\"WebPage\",\"@id\":\"https:\/\/osnovna-skola-donja-stubica.hr\/wp\/dogadanja-208\/\",\"url\":\"https:\/\/osnovna-skola-donja-stubica.hr\/wp\/dogadanja-208\/\",\"name\":\"Doga\u0111anja - O\u0160 Donja Stubica\",\"isPartOf\":{\"@id\":\"https:\/\/osnovna-skola-donja-stubica.hr\/wp\/#website\"},\"datePublished\":\"2018-06-18T13:32:45+00:00\",\"dateModified\":\"2018-06-18T14:33:45+00:00\",\"author\":{\"@id\":\"https:\/\/osnovna-skola-donja-stubica.hr\/wp\/#\/schema\/person\/ac6675b6713bd5450a007bfd80c14590\"},\"breadcrumb\":{\"@id\":\"https:\/\/osnovna-skola-donja-stubica.hr\/wp\/dogadanja-208\/#breadcrumb\"},\"inLanguage\":\"hr\",\"potentialAction\":[{\"@type\":\"ReadAction\",\"target\":[\"https:\/\/osnovna-skola-donja-stubica.hr\/wp\/dogadanja-208\/\"]}]},{\"@type\":\"BreadcrumbList\",\"@id\":\"https:\/\/osnovna-skola-donja-stubica.hr\/wp\/dogadanja-208\/#breadcrumb\",\"itemListElement\":[{\"@type\":\"ListItem\",\"position\":1,\"name\":\"Po\u010detna stranica\",\"item\":\"https:\/\/osnovna-skola-donja-stubica.hr\/wp\/\"},{\"@type\":\"ListItem\",\"position\":2,\"name\":\"Doga\u0111anja\"}]},{\"@type\":\"WebSite\",\"@id\":\"https:\/\/osnovna-skola-donja-stubica.hr\/wp\/#website\",\"url\":\"https:\/\/osnovna-skola-donja-stubica.hr\/wp\/\",\"name\":\"O\u0160 Donja Stubica\",\"description\":\"\",\"potentialAction\":[{\"@type\":\"SearchAction\",\"target\":{\"@type\":\"EntryPoint\",\"urlTemplate\":\"https:\/\/osnovna-skola-donja-stubica.hr\/wp\/?s={search_term_string}\"},\"query-input\":\"required name=search_term_string\"}],\"inLanguage\":\"hr\"},{\"@type\":\"Person\",\"@id\":\"https:\/\/osnovna-skola-donja-stubica.hr\/wp\/#\/schema\/person\/ac6675b6713bd5450a007bfd80c14590\",\"name\":\"katarina\",\"image\":{\"@type\":\"ImageObject\",\"inLanguage\":\"hr\",\"@id\":\"https:\/\/osnovna-skola-donja-stubica.hr\/wp\/#\/schema\/person\/image\/\",\"url\":\"https:\/\/secure.gravatar.com\/avatar\/353e8f6e96dd21d0b9287b1cb69bb4db?s=96&d=mm&r=g\",\"contentUrl\":\"https:\/\/secure.gravatar.com\/avatar\/353e8f6e96dd21d0b9287b1cb69bb4db?s=96&d=mm&r=g\",\"caption\":\"katarina\"}}]}<\/script>\n<!-- \/ Yoast SEO plugin. -->","yoast_head_json":{"title":"Doga\u0111anja - O\u0160 Donja Stubica","robots":{"index":"index","follow":"follow","max-snippet":"max-snippet:-1","max-image-preview":"max-image-preview:large","max-video-preview":"max-video-preview:-1"},"canonical":"https:\/\/osnovna-skola-donja-stubica.hr\/wp\/dogadanja-208\/","og_locale":"hr_HR","og_type":"article","og_title":"Doga\u0111anja - O\u0160 Donja Stubica","og_description":"Obavijest u\u010denicima &nbsp; Produ\u017eena nastava odr\u017eat \u0107e se po sljede\u0107em rasporedu: MATEMATIKA (u\u010diteljica Andrea \u010cmarec) 19.6.\u00a0\u00a0 8.00-9.30 20.6. \u00a0\u00a08.00-9.30 21.6. \u00a0\u00a08.00-9.30 26.6. \u00a0\u00a08.00-9.30 27.6.\u00a0\u00a0 8.00-9.30 &nbsp; MATEMATIKA (u\u010diteljica Ljubica O\u010dko) 19.6.\u00a0\u00a0 9.30-11.00 20.6.\u00a0\u00a0 9.30-11.00 21.6.\u00a0\u00a0 9.30-11.00 26.6. \u00a0\u00a08.00-9.30 27.6.\u00a0\u00a0 8.00-9.30 &nbsp; NJEMA\u010cKI JEZIK (u\u010diteljica Lidija Mui\u0107) 19.6.\u00a0\u00a0 10.00-11.30 20.6. \u00a0\u00a010.00-11.30 21.6.\u00a0\u00a0 10.00-11.30 26.6.\u00a0\u00a0 10.00-11.30 27.6.\u00a0\u00a0 [&hellip;]","og_url":"https:\/\/osnovna-skola-donja-stubica.hr\/wp\/dogadanja-208\/","og_site_name":"O\u0160 Donja Stubica","article_published_time":"2018-06-18T13:32:45+00:00","article_modified_time":"2018-06-18T14:33:45+00:00","author":"katarina","twitter_card":"summary_large_image","twitter_misc":{"Napisao\/la":"katarina","Procijenjeno vrijeme \u010ditanja":"1 minuta"},"schema":{"@context":"https:\/\/schema.org","@graph":[{"@type":"WebPage","@id":"https:\/\/osnovna-skola-donja-stubica.hr\/wp\/dogadanja-208\/","url":"https:\/\/osnovna-skola-donja-stubica.hr\/wp\/dogadanja-208\/","name":"Doga\u0111anja - O\u0160 Donja Stubica","isPartOf":{"@id":"https:\/\/osnovna-skola-donja-stubica.hr\/wp\/#website"},"datePublished":"2018-06-18T13:32:45+00:00","dateModified":"2018-06-18T14:33:45+00:00","author":{"@id":"https:\/\/osnovna-skola-donja-stubica.hr\/wp\/#\/schema\/person\/ac6675b6713bd5450a007bfd80c14590"},"breadcrumb":{"@id":"https:\/\/osnovna-skola-donja-stubica.hr\/wp\/dogadanja-208\/#breadcrumb"},"inLanguage":"hr","potentialAction":[{"@type":"ReadAction","target":["https:\/\/osnovna-skola-donja-stubica.hr\/wp\/dogadanja-208\/"]}]},{"@type":"BreadcrumbList","@id":"https:\/\/osnovna-skola-donja-stubica.hr\/wp\/dogadanja-208\/#breadcrumb","itemListElement":[{"@type":"ListItem","position":1,"name":"Po\u010detna stranica","item":"https:\/\/osnovna-skola-donja-stubica.hr\/wp\/"},{"@type":"ListItem","position":2,"name":"Doga\u0111anja"}]},{"@type":"WebSite","@id":"https:\/\/osnovna-skola-donja-stubica.hr\/wp\/#website","url":"https:\/\/osnovna-skola-donja-stubica.hr\/wp\/","name":"O\u0160 Donja Stubica","description":"","potentialAction":[{"@type":"SearchAction","target":{"@type":"EntryPoint","urlTemplate":"https:\/\/osnovna-skola-donja-stubica.hr\/wp\/?s={search_term_string}"},"query-input":"required name=search_term_string"}],"inLanguage":"hr"},{"@type":"Person","@id":"https:\/\/osnovna-skola-donja-stubica.hr\/wp\/#\/schema\/person\/ac6675b6713bd5450a007bfd80c14590","name":"katarina","image":{"@type":"ImageObject","inLanguage":"hr","@id":"https:\/\/osnovna-skola-donja-stubica.hr\/wp\/#\/schema\/person\/image\/","url":"https:\/\/secure.gravatar.com\/avatar\/353e8f6e96dd21d0b9287b1cb69bb4db?s=96&d=mm&r=g","contentUrl":"https:\/\/secure.gravatar.com\/avatar\/353e8f6e96dd21d0b9287b1cb69bb4db?s=96&d=mm&r=g","caption":"katarina"}}]}},"jetpack_featured_media_url":"","jetpack_sharing_enabled":true,"jetpack-related-posts":[],"jetpack_shortlink":"https:\/\/wp.me\/p7YpPR-GB","_links":{"self":[{"href":"https:\/\/osnovna-skola-donja-stubica.hr\/wp\/wp-json\/wp\/v2\/posts\/2641"}],"collection":[{"href":"https:\/\/osnovna-skola-donja-stubica.hr\/wp\/wp-json\/wp\/v2\/posts"}],"about":[{"href":"https:\/\/osnovna-skola-donja-stubica.hr\/wp\/wp-json\/wp\/v2\/types\/post"}],"author":[{"embeddable":true,"href":"https:\/\/osnovna-skola-donja-stubica.hr\/wp\/wp-json\/wp\/v2\/users\/1"}],"replies":[{"embeddable":true,"href":"https:\/\/osnovna-skola-donja-stubica.hr\/wp\/wp-json\/wp\/v2\/comments?post=2641"}],"version-history":[{"count":1,"href":"https:\/\/osnovna-skola-donja-stubica.hr\/wp\/wp-json\/wp\/v2\/posts\/2641\/revisions"}],"predecessor-version":[{"id":2642,"href":"https:\/\/osnovna-skola-donja-stubica.hr\/wp\/wp-json\/wp\/v2\/posts\/2641\/revisions\/2642"}],"wp:attachment":[{"href":"https:\/\/osnovna-skola-donja-stubica.hr\/wp\/wp-json\/wp\/v2\/media?parent=2641"}],"wp:term":[{"taxonomy":"category","embeddable":true,"href":"https:\/\/osnovna-skola-donja-stubica.hr\/wp\/wp-json\/wp\/v2\/categories?post=2641"},{"taxonomy":"post_tag","embeddable":true,"href":"https:\/\/osnovna-skola-donja-stubica.hr\/wp\/wp-json\/wp\/v2\/tags?post=2641"}],"curies":[{"name":"wp","href":"https:\/\/api.w.org\/{rel}","templated":true}]}}