{"id":4520,"date":"2020-07-21T11:03:27","date_gmt":"2020-07-21T09:03:27","guid":{"rendered":"http:\/\/osnovna-skola-donja-stubica.hr\/?p=4520"},"modified":"2020-07-21T11:03:27","modified_gmt":"2020-07-21T09:03:27","slug":"obavijest-106","status":"publish","type":"post","link":"https:\/\/osnovna-skola-donja-stubica.hr\/wp\/obavijest-106\/","title":{"rendered":"Obavijest"},"content":{"rendered":"<h2>Po\u0161tovani roditelji, dragi u\u010denici!<\/h2>\n<p>Obavje\u0161tavamo vas da \u0107e za sljede\u0107u \u0161kolsku godinu 2020.\/2021. razliku ud\u017ebenika, koja nedostaje po povratu odre\u0111enih <span style=\"color: #99cc00;\">ud\u017ebenika<\/span> u \u0161kolu, nabaviti i financirati Ministarstvo znanosti i obrazovanja.<br \/>\nU\u010denici Osnovne \u0161kole Donja Stubica, kao i u\u010denici Podru\u010dne \u0161kole Lepa Ves i Vu\u010dak, i ostale \u0107e obrazovne materijale potrebne za rad i u\u010denje dobiti besplatno:<br \/>\na) <span style=\"color: #99cc00;\">radne bilje\u017enice<\/span> (financira Krapinsko-zagorska \u017eupanija i Grad Donja Stubica, svaki u polovici iznosa)<br \/>\nb) <span style=\"color: #99cc00;\">mape za Likovnu kulturu, kutije za Tehni\u010dku kulturu<\/span> (za sve u\u010denike)<span style=\"color: #99cc00;\"> i GEOGRAFSKI ATLAS<\/span> za u\u010denike petog razreda (samostalno financira Grad Donja Stubica)<br \/>\nNavedeni kompleti u\u010denike \u0107e do\u010dekati u \u0161koli prvoga dana nastave!<br \/>\n\u017delimo svima mirne, zdrave i ugodne ljetne praznike!<\/p>\n","protected":false},"excerpt":{"rendered":"<p>Po\u0161tovani roditelji, dragi u\u010denici! Obavje\u0161tavamo vas da \u0107e za sljede\u0107u \u0161kolsku godinu 2020.\/2021. razliku ud\u017ebenika, koja nedostaje po povratu odre\u0111enih ud\u017ebenika u \u0161kolu, nabaviti i financirati Ministarstvo znanosti i obrazovanja. U\u010denici Osnovne \u0161kole Donja Stubica, kao i u\u010denici Podru\u010dne \u0161kole Lepa Ves i Vu\u010dak, i ostale \u0107e obrazovne materijale potrebne za rad i u\u010denje dobiti [&hellip;]<\/p>\n","protected":false},"author":1,"featured_media":0,"comment_status":"closed","ping_status":"open","sticky":false,"template":"","format":"standard","meta":{"footnotes":"","_jetpack_memberships_contains_paid_content":false},"categories":[2],"tags":[29],"yoast_head":"<!-- This site is optimized with the Yoast SEO plugin v22.6 - https:\/\/yoast.com\/wordpress\/plugins\/seo\/ -->\n<title>Obavijest - O\u0160 Donja Stubica<\/title>\n<meta name=\"robots\" content=\"index, follow, max-snippet:-1, max-image-preview:large, max-video-preview:-1\" \/>\n<link rel=\"canonical\" href=\"https:\/\/osnovna-skola-donja-stubica.hr\/wp\/obavijest-106\/\" \/>\n<meta property=\"og:locale\" content=\"hr_HR\" \/>\n<meta property=\"og:type\" content=\"article\" \/>\n<meta property=\"og:title\" content=\"Obavijest - O\u0160 Donja Stubica\" \/>\n<meta property=\"og:description\" content=\"Po\u0161tovani roditelji, dragi u\u010denici! Obavje\u0161tavamo vas da \u0107e za sljede\u0107u \u0161kolsku godinu 2020.\/2021. razliku ud\u017ebenika, koja nedostaje po povratu odre\u0111enih ud\u017ebenika u \u0161kolu, nabaviti i financirati Ministarstvo znanosti i obrazovanja. U\u010denici Osnovne \u0161kole Donja Stubica, kao i u\u010denici Podru\u010dne \u0161kole Lepa Ves i Vu\u010dak, i ostale \u0107e obrazovne materijale potrebne za rad i u\u010denje dobiti [&hellip;]\" \/>\n<meta property=\"og:url\" content=\"https:\/\/osnovna-skola-donja-stubica.hr\/wp\/obavijest-106\/\" \/>\n<meta property=\"og:site_name\" content=\"O\u0160 Donja Stubica\" \/>\n<meta property=\"article:published_time\" content=\"2020-07-21T09:03:27+00:00\" \/>\n<meta name=\"author\" content=\"katarina\" \/>\n<meta name=\"twitter:card\" content=\"summary_large_image\" \/>\n<meta name=\"twitter:label1\" content=\"Napisao\/la\" \/>\n\t<meta name=\"twitter:data1\" content=\"katarina\" \/>\n\t<meta name=\"twitter:label2\" content=\"Procijenjeno vrijeme \u010ditanja\" \/>\n\t<meta name=\"twitter:data2\" content=\"1 minuta\" \/>\n<script type=\"application\/ld+json\" class=\"yoast-schema-graph\">{\"@context\":\"https:\/\/schema.org\",\"@graph\":[{\"@type\":\"WebPage\",\"@id\":\"https:\/\/osnovna-skola-donja-stubica.hr\/wp\/obavijest-106\/\",\"url\":\"https:\/\/osnovna-skola-donja-stubica.hr\/wp\/obavijest-106\/\",\"name\":\"Obavijest - O\u0160 Donja Stubica\",\"isPartOf\":{\"@id\":\"https:\/\/osnovna-skola-donja-stubica.hr\/wp\/#website\"},\"datePublished\":\"2020-07-21T09:03:27+00:00\",\"dateModified\":\"2020-07-21T09:03:27+00:00\",\"author\":{\"@id\":\"https:\/\/osnovna-skola-donja-stubica.hr\/wp\/#\/schema\/person\/ac6675b6713bd5450a007bfd80c14590\"},\"breadcrumb\":{\"@id\":\"https:\/\/osnovna-skola-donja-stubica.hr\/wp\/obavijest-106\/#breadcrumb\"},\"inLanguage\":\"hr\",\"potentialAction\":[{\"@type\":\"ReadAction\",\"target\":[\"https:\/\/osnovna-skola-donja-stubica.hr\/wp\/obavijest-106\/\"]}]},{\"@type\":\"BreadcrumbList\",\"@id\":\"https:\/\/osnovna-skola-donja-stubica.hr\/wp\/obavijest-106\/#breadcrumb\",\"itemListElement\":[{\"@type\":\"ListItem\",\"position\":1,\"name\":\"Po\u010detna stranica\",\"item\":\"https:\/\/osnovna-skola-donja-stubica.hr\/wp\/\"},{\"@type\":\"ListItem\",\"position\":2,\"name\":\"Obavijest\"}]},{\"@type\":\"WebSite\",\"@id\":\"https:\/\/osnovna-skola-donja-stubica.hr\/wp\/#website\",\"url\":\"https:\/\/osnovna-skola-donja-stubica.hr\/wp\/\",\"name\":\"O\u0160 Donja Stubica\",\"description\":\"\",\"potentialAction\":[{\"@type\":\"SearchAction\",\"target\":{\"@type\":\"EntryPoint\",\"urlTemplate\":\"https:\/\/osnovna-skola-donja-stubica.hr\/wp\/?s={search_term_string}\"},\"query-input\":\"required name=search_term_string\"}],\"inLanguage\":\"hr\"},{\"@type\":\"Person\",\"@id\":\"https:\/\/osnovna-skola-donja-stubica.hr\/wp\/#\/schema\/person\/ac6675b6713bd5450a007bfd80c14590\",\"name\":\"katarina\",\"image\":{\"@type\":\"ImageObject\",\"inLanguage\":\"hr\",\"@id\":\"https:\/\/osnovna-skola-donja-stubica.hr\/wp\/#\/schema\/person\/image\/\",\"url\":\"https:\/\/secure.gravatar.com\/avatar\/353e8f6e96dd21d0b9287b1cb69bb4db?s=96&d=mm&r=g\",\"contentUrl\":\"https:\/\/secure.gravatar.com\/avatar\/353e8f6e96dd21d0b9287b1cb69bb4db?s=96&d=mm&r=g\",\"caption\":\"katarina\"}}]}<\/script>\n<!-- \/ Yoast SEO plugin. -->","yoast_head_json":{"title":"Obavijest - O\u0160 Donja Stubica","robots":{"index":"index","follow":"follow","max-snippet":"max-snippet:-1","max-image-preview":"max-image-preview:large","max-video-preview":"max-video-preview:-1"},"canonical":"https:\/\/osnovna-skola-donja-stubica.hr\/wp\/obavijest-106\/","og_locale":"hr_HR","og_type":"article","og_title":"Obavijest - O\u0160 Donja Stubica","og_description":"Po\u0161tovani roditelji, dragi u\u010denici! Obavje\u0161tavamo vas da \u0107e za sljede\u0107u \u0161kolsku godinu 2020.\/2021. razliku ud\u017ebenika, koja nedostaje po povratu odre\u0111enih ud\u017ebenika u \u0161kolu, nabaviti i financirati Ministarstvo znanosti i obrazovanja. U\u010denici Osnovne \u0161kole Donja Stubica, kao i u\u010denici Podru\u010dne \u0161kole Lepa Ves i Vu\u010dak, i ostale \u0107e obrazovne materijale potrebne za rad i u\u010denje dobiti [&hellip;]","og_url":"https:\/\/osnovna-skola-donja-stubica.hr\/wp\/obavijest-106\/","og_site_name":"O\u0160 Donja Stubica","article_published_time":"2020-07-21T09:03:27+00:00","author":"katarina","twitter_card":"summary_large_image","twitter_misc":{"Napisao\/la":"katarina","Procijenjeno vrijeme \u010ditanja":"1 minuta"},"schema":{"@context":"https:\/\/schema.org","@graph":[{"@type":"WebPage","@id":"https:\/\/osnovna-skola-donja-stubica.hr\/wp\/obavijest-106\/","url":"https:\/\/osnovna-skola-donja-stubica.hr\/wp\/obavijest-106\/","name":"Obavijest - O\u0160 Donja Stubica","isPartOf":{"@id":"https:\/\/osnovna-skola-donja-stubica.hr\/wp\/#website"},"datePublished":"2020-07-21T09:03:27+00:00","dateModified":"2020-07-21T09:03:27+00:00","author":{"@id":"https:\/\/osnovna-skola-donja-stubica.hr\/wp\/#\/schema\/person\/ac6675b6713bd5450a007bfd80c14590"},"breadcrumb":{"@id":"https:\/\/osnovna-skola-donja-stubica.hr\/wp\/obavijest-106\/#breadcrumb"},"inLanguage":"hr","potentialAction":[{"@type":"ReadAction","target":["https:\/\/osnovna-skola-donja-stubica.hr\/wp\/obavijest-106\/"]}]},{"@type":"BreadcrumbList","@id":"https:\/\/osnovna-skola-donja-stubica.hr\/wp\/obavijest-106\/#breadcrumb","itemListElement":[{"@type":"ListItem","position":1,"name":"Po\u010detna stranica","item":"https:\/\/osnovna-skola-donja-stubica.hr\/wp\/"},{"@type":"ListItem","position":2,"name":"Obavijest"}]},{"@type":"WebSite","@id":"https:\/\/osnovna-skola-donja-stubica.hr\/wp\/#website","url":"https:\/\/osnovna-skola-donja-stubica.hr\/wp\/","name":"O\u0160 Donja Stubica","description":"","potentialAction":[{"@type":"SearchAction","target":{"@type":"EntryPoint","urlTemplate":"https:\/\/osnovna-skola-donja-stubica.hr\/wp\/?s={search_term_string}"},"query-input":"required name=search_term_string"}],"inLanguage":"hr"},{"@type":"Person","@id":"https:\/\/osnovna-skola-donja-stubica.hr\/wp\/#\/schema\/person\/ac6675b6713bd5450a007bfd80c14590","name":"katarina","image":{"@type":"ImageObject","inLanguage":"hr","@id":"https:\/\/osnovna-skola-donja-stubica.hr\/wp\/#\/schema\/person\/image\/","url":"https:\/\/secure.gravatar.com\/avatar\/353e8f6e96dd21d0b9287b1cb69bb4db?s=96&d=mm&r=g","contentUrl":"https:\/\/secure.gravatar.com\/avatar\/353e8f6e96dd21d0b9287b1cb69bb4db?s=96&d=mm&r=g","caption":"katarina"}}]}},"jetpack_featured_media_url":"","jetpack_sharing_enabled":true,"jetpack-related-posts":[],"jetpack_shortlink":"https:\/\/wp.me\/p7YpPR-1aU","_links":{"self":[{"href":"https:\/\/osnovna-skola-donja-stubica.hr\/wp\/wp-json\/wp\/v2\/posts\/4520"}],"collection":[{"href":"https:\/\/osnovna-skola-donja-stubica.hr\/wp\/wp-json\/wp\/v2\/posts"}],"about":[{"href":"https:\/\/osnovna-skola-donja-stubica.hr\/wp\/wp-json\/wp\/v2\/types\/post"}],"author":[{"embeddable":true,"href":"https:\/\/osnovna-skola-donja-stubica.hr\/wp\/wp-json\/wp\/v2\/users\/1"}],"replies":[{"embeddable":true,"href":"https:\/\/osnovna-skola-donja-stubica.hr\/wp\/wp-json\/wp\/v2\/comments?post=4520"}],"version-history":[{"count":1,"href":"https:\/\/osnovna-skola-donja-stubica.hr\/wp\/wp-json\/wp\/v2\/posts\/4520\/revisions"}],"predecessor-version":[{"id":4521,"href":"https:\/\/osnovna-skola-donja-stubica.hr\/wp\/wp-json\/wp\/v2\/posts\/4520\/revisions\/4521"}],"wp:attachment":[{"href":"https:\/\/osnovna-skola-donja-stubica.hr\/wp\/wp-json\/wp\/v2\/media?parent=4520"}],"wp:term":[{"taxonomy":"category","embeddable":true,"href":"https:\/\/osnovna-skola-donja-stubica.hr\/wp\/wp-json\/wp\/v2\/categories?post=4520"},{"taxonomy":"post_tag","embeddable":true,"href":"https:\/\/osnovna-skola-donja-stubica.hr\/wp\/wp-json\/wp\/v2\/tags?post=4520"}],"curies":[{"name":"wp","href":"https:\/\/api.w.org\/{rel}","templated":true}]}}