{"id":577,"date":"2016-10-31T19:49:27","date_gmt":"2016-10-31T18:49:27","guid":{"rendered":"http:\/\/osnovna-skola-donja-stubica.hr\/?p=577"},"modified":"2016-11-16T18:23:00","modified_gmt":"2016-11-16T17:23:00","slug":"izvanucionicka-nastava-3","status":"publish","type":"post","link":"https:\/\/osnovna-skola-donja-stubica.hr\/wp\/izvanucionicka-nastava-3\/","title":{"rendered":"Izvanu\u010dioni\u010dka nastava"},"content":{"rendered":"<h1><a href=\"https:\/\/goo.gl\/photos\/ChiEmvgH5MVpZnwr9\"><img data-attachment-id=\"578\" data-permalink=\"https:\/\/osnovna-skola-donja-stubica.hr\/wp\/izvanucionicka-nastava-3\/naslovnaslika\/\" data-orig-file=\"https:\/\/osnovna-skola-donja-stubica.hr\/wp\/wp-content\/uploads\/2016\/10\/naslovnaslika.jpg\" data-orig-size=\"800,525\" data-comments-opened=\"0\" data-image-meta=\"{&quot;aperture&quot;:&quot;0&quot;,&quot;credit&quot;:&quot;&quot;,&quot;camera&quot;:&quot;&quot;,&quot;caption&quot;:&quot;&quot;,&quot;created_timestamp&quot;:&quot;0&quot;,&quot;copyright&quot;:&quot;&quot;,&quot;focal_length&quot;:&quot;0&quot;,&quot;iso&quot;:&quot;0&quot;,&quot;shutter_speed&quot;:&quot;0&quot;,&quot;title&quot;:&quot;&quot;,&quot;orientation&quot;:&quot;1&quot;}\" data-image-title=\"naslovnaslika\" data-image-description=\"\" data-image-caption=\"\" data-medium-file=\"https:\/\/osnovna-skola-donja-stubica.hr\/wp\/wp-content\/uploads\/2016\/10\/naslovnaslika-300x197.jpg\" data-large-file=\"https:\/\/osnovna-skola-donja-stubica.hr\/wp\/wp-content\/uploads\/2016\/10\/naslovnaslika.jpg\" decoding=\"async\" loading=\"lazy\" class=\"wp-image-578 size-thumbnail alignleft\" src=\"https:\/\/osnovna-skola-donja-stubica.hr\/wp\/wp-content\/uploads\/2016\/10\/naslovnaslika-150x150.jpg\" alt=\"naslovnaslika\" width=\"150\" height=\"150\" srcset=\"https:\/\/osnovna-skola-donja-stubica.hr\/wp\/wp-content\/uploads\/2016\/10\/naslovnaslika-150x150.jpg 150w, https:\/\/osnovna-skola-donja-stubica.hr\/wp\/wp-content\/uploads\/2016\/10\/naslovnaslika-50x50.jpg 50w\" sizes=\"(max-width: 150px) 100vw, 150px\" \/><\/a><span style=\"color: #d4e60e;\">Karlova\u010dka avantura<\/span><\/h1>\n<h4 style=\"text-align: left;\"><span style=\"color: #99cc00;\">Aquatika &#8211; Stari grad Dubovac &#8211; Brani\u010d-kula &#8211; Gradski muzej Karlovac<\/span><\/h4>\n<p><span style=\"color: #99cc00;\">U petak 28. listopada u\u010denici 5.a i 5.b razreda uputili su se na izvanu\u010dioni\u010dku nastavu u Karlovac u kojem su se upoznali sa znamenitostima grada na \u010detiri rijeke.<\/span><\/p>\n<p>\u010cim smo stigli u Karlovac, maglovito i obla\u010dno jutro pretvorilo se u lijep i sun\u010dan dan. Prvo \u0161to smo posjetili je novootvoreni akvarij slatkovodnih riba \u2013 Aquatika. Tamo smo zaronili ispod povr\u0161ine vode\u2026<!--more--><\/p>\n<p>U tunelu, u kojem su nas pratili zvukovi vode, vidjeli smo mnogo riba koje se nalaze u rijekama okolice Karlovca i cijele Hrvatske. Neke su ribice bile srame\u017eljive, ali bilo je i onih koje smo uspjeli fotografirati ne koriste\u0107i bljeskalicu kako ih ne bismo ometali svjetlo\u0161\u0107u.<\/p>\n<p>Zatim smo se uputili na bre\u017eulj\u010di\u0107 iznad grada Karlovca na kojem se nalazi <strong>Stari grad Dubovac<\/strong>. Ime nosi po hrastovoj \u0161umi koja je okru\u017eivala dvorac, a najpoznatiji je po pobjedi nad Osmanlijama 1578. godine. Popeli smo se na najvi\u0161u <strong>Brani\u010d-kulu<\/strong>, a s njenog vidikovca pru\u017ea se prekrasan pogled na grad Karlovac.<\/p>\n<p>Nakon toga slijedilo je spu\u0161tanje u centar grada u <strong>Gradski muzej Karlovac<\/strong>. Na maketi smo vidjeli kako jezgra Karlovca ima oblik \u0161esterokrake zvijezde koja je karakteristi\u010dna za renesansnu gradnju. Ipak, najzanimljiviji nam je bio velociped \u2013 jedan od prvih bicikala s karlova\u010dkih ulica.<\/p>\n<p>Prepuni dojmova, vratili smo se ku\u0107i u popodnevnim satima.<\/p>\n","protected":false},"excerpt":{"rendered":"<p>Karlova\u010dka avantura Aquatika &#8211; Stari grad Dubovac &#8211; Brani\u010d-kula &#8211; Gradski muzej Karlovac U petak 28. listopada u\u010denici 5.a i 5.b razreda uputili su se na izvanu\u010dioni\u010dku nastavu u Karlovac u kojem su se upoznali sa znamenitostima grada na \u010detiri rijeke. \u010cim smo stigli u Karlovac, maglovito i obla\u010dno jutro pretvorilo se u lijep i [&hellip;]<\/p>\n","protected":false},"author":1,"featured_media":0,"comment_status":"closed","ping_status":"open","sticky":false,"template":"","format":"standard","meta":{"footnotes":"","_jetpack_memberships_contains_paid_content":false},"categories":[2],"tags":[13],"yoast_head":"<!-- This site is optimized with the Yoast SEO plugin v22.6 - https:\/\/yoast.com\/wordpress\/plugins\/seo\/ -->\n<title>Izvanu\u010dioni\u010dka nastava - O\u0160 Donja Stubica<\/title>\n<meta name=\"robots\" content=\"index, follow, max-snippet:-1, max-image-preview:large, max-video-preview:-1\" \/>\n<link rel=\"canonical\" href=\"https:\/\/osnovna-skola-donja-stubica.hr\/wp\/izvanucionicka-nastava-3\/\" \/>\n<meta property=\"og:locale\" content=\"hr_HR\" \/>\n<meta property=\"og:type\" content=\"article\" \/>\n<meta property=\"og:title\" content=\"Izvanu\u010dioni\u010dka nastava - O\u0160 Donja Stubica\" \/>\n<meta property=\"og:description\" content=\"Karlova\u010dka avantura Aquatika &#8211; Stari grad Dubovac &#8211; Brani\u010d-kula &#8211; Gradski muzej Karlovac U petak 28. listopada u\u010denici 5.a i 5.b razreda uputili su se na izvanu\u010dioni\u010dku nastavu u Karlovac u kojem su se upoznali sa znamenitostima grada na \u010detiri rijeke. \u010cim smo stigli u Karlovac, maglovito i obla\u010dno jutro pretvorilo se u lijep i [&hellip;]\" \/>\n<meta property=\"og:url\" content=\"https:\/\/osnovna-skola-donja-stubica.hr\/wp\/izvanucionicka-nastava-3\/\" \/>\n<meta property=\"og:site_name\" content=\"O\u0160 Donja Stubica\" \/>\n<meta property=\"article:published_time\" content=\"2016-10-31T18:49:27+00:00\" \/>\n<meta property=\"article:modified_time\" content=\"2016-11-16T17:23:00+00:00\" \/>\n<meta property=\"og:image\" content=\"http:\/\/osnovna-skola-donja-stubica.hr\/wp\/wp-content\/uploads\/2016\/10\/naslovnaslika-150x150.jpg\" \/>\n<meta name=\"author\" content=\"katarina\" \/>\n<meta name=\"twitter:card\" content=\"summary_large_image\" \/>\n<meta name=\"twitter:label1\" content=\"Napisao\/la\" \/>\n\t<meta name=\"twitter:data1\" content=\"katarina\" \/>\n\t<meta name=\"twitter:label2\" content=\"Procijenjeno vrijeme \u010ditanja\" \/>\n\t<meta name=\"twitter:data2\" content=\"1 minuta\" \/>\n<script type=\"application\/ld+json\" class=\"yoast-schema-graph\">{\"@context\":\"https:\/\/schema.org\",\"@graph\":[{\"@type\":\"WebPage\",\"@id\":\"https:\/\/osnovna-skola-donja-stubica.hr\/wp\/izvanucionicka-nastava-3\/\",\"url\":\"https:\/\/osnovna-skola-donja-stubica.hr\/wp\/izvanucionicka-nastava-3\/\",\"name\":\"Izvanu\u010dioni\u010dka nastava - O\u0160 Donja Stubica\",\"isPartOf\":{\"@id\":\"https:\/\/osnovna-skola-donja-stubica.hr\/wp\/#website\"},\"primaryImageOfPage\":{\"@id\":\"https:\/\/osnovna-skola-donja-stubica.hr\/wp\/izvanucionicka-nastava-3\/#primaryimage\"},\"image\":{\"@id\":\"https:\/\/osnovna-skola-donja-stubica.hr\/wp\/izvanucionicka-nastava-3\/#primaryimage\"},\"thumbnailUrl\":\"http:\/\/osnovna-skola-donja-stubica.hr\/wp\/wp-content\/uploads\/2016\/10\/naslovnaslika-150x150.jpg\",\"datePublished\":\"2016-10-31T18:49:27+00:00\",\"dateModified\":\"2016-11-16T17:23:00+00:00\",\"author\":{\"@id\":\"https:\/\/osnovna-skola-donja-stubica.hr\/wp\/#\/schema\/person\/ac6675b6713bd5450a007bfd80c14590\"},\"breadcrumb\":{\"@id\":\"https:\/\/osnovna-skola-donja-stubica.hr\/wp\/izvanucionicka-nastava-3\/#breadcrumb\"},\"inLanguage\":\"hr\",\"potentialAction\":[{\"@type\":\"ReadAction\",\"target\":[\"https:\/\/osnovna-skola-donja-stubica.hr\/wp\/izvanucionicka-nastava-3\/\"]}]},{\"@type\":\"ImageObject\",\"inLanguage\":\"hr\",\"@id\":\"https:\/\/osnovna-skola-donja-stubica.hr\/wp\/izvanucionicka-nastava-3\/#primaryimage\",\"url\":\"http:\/\/osnovna-skola-donja-stubica.hr\/wp\/wp-content\/uploads\/2016\/10\/naslovnaslika-150x150.jpg\",\"contentUrl\":\"http:\/\/osnovna-skola-donja-stubica.hr\/wp\/wp-content\/uploads\/2016\/10\/naslovnaslika-150x150.jpg\"},{\"@type\":\"BreadcrumbList\",\"@id\":\"https:\/\/osnovna-skola-donja-stubica.hr\/wp\/izvanucionicka-nastava-3\/#breadcrumb\",\"itemListElement\":[{\"@type\":\"ListItem\",\"position\":1,\"name\":\"Po\u010detna stranica\",\"item\":\"https:\/\/osnovna-skola-donja-stubica.hr\/wp\/\"},{\"@type\":\"ListItem\",\"position\":2,\"name\":\"Izvanu\u010dioni\u010dka nastava\"}]},{\"@type\":\"WebSite\",\"@id\":\"https:\/\/osnovna-skola-donja-stubica.hr\/wp\/#website\",\"url\":\"https:\/\/osnovna-skola-donja-stubica.hr\/wp\/\",\"name\":\"O\u0160 Donja Stubica\",\"description\":\"\",\"potentialAction\":[{\"@type\":\"SearchAction\",\"target\":{\"@type\":\"EntryPoint\",\"urlTemplate\":\"https:\/\/osnovna-skola-donja-stubica.hr\/wp\/?s={search_term_string}\"},\"query-input\":\"required name=search_term_string\"}],\"inLanguage\":\"hr\"},{\"@type\":\"Person\",\"@id\":\"https:\/\/osnovna-skola-donja-stubica.hr\/wp\/#\/schema\/person\/ac6675b6713bd5450a007bfd80c14590\",\"name\":\"katarina\",\"image\":{\"@type\":\"ImageObject\",\"inLanguage\":\"hr\",\"@id\":\"https:\/\/osnovna-skola-donja-stubica.hr\/wp\/#\/schema\/person\/image\/\",\"url\":\"https:\/\/secure.gravatar.com\/avatar\/353e8f6e96dd21d0b9287b1cb69bb4db?s=96&d=mm&r=g\",\"contentUrl\":\"https:\/\/secure.gravatar.com\/avatar\/353e8f6e96dd21d0b9287b1cb69bb4db?s=96&d=mm&r=g\",\"caption\":\"katarina\"}}]}<\/script>\n<!-- \/ Yoast SEO plugin. -->","yoast_head_json":{"title":"Izvanu\u010dioni\u010dka nastava - O\u0160 Donja Stubica","robots":{"index":"index","follow":"follow","max-snippet":"max-snippet:-1","max-image-preview":"max-image-preview:large","max-video-preview":"max-video-preview:-1"},"canonical":"https:\/\/osnovna-skola-donja-stubica.hr\/wp\/izvanucionicka-nastava-3\/","og_locale":"hr_HR","og_type":"article","og_title":"Izvanu\u010dioni\u010dka nastava - O\u0160 Donja Stubica","og_description":"Karlova\u010dka avantura Aquatika &#8211; Stari grad Dubovac &#8211; Brani\u010d-kula &#8211; Gradski muzej Karlovac U petak 28. listopada u\u010denici 5.a i 5.b razreda uputili su se na izvanu\u010dioni\u010dku nastavu u Karlovac u kojem su se upoznali sa znamenitostima grada na \u010detiri rijeke. \u010cim smo stigli u Karlovac, maglovito i obla\u010dno jutro pretvorilo se u lijep i [&hellip;]","og_url":"https:\/\/osnovna-skola-donja-stubica.hr\/wp\/izvanucionicka-nastava-3\/","og_site_name":"O\u0160 Donja Stubica","article_published_time":"2016-10-31T18:49:27+00:00","article_modified_time":"2016-11-16T17:23:00+00:00","og_image":[{"url":"http:\/\/osnovna-skola-donja-stubica.hr\/wp\/wp-content\/uploads\/2016\/10\/naslovnaslika-150x150.jpg"}],"author":"katarina","twitter_card":"summary_large_image","twitter_misc":{"Napisao\/la":"katarina","Procijenjeno vrijeme \u010ditanja":"1 minuta"},"schema":{"@context":"https:\/\/schema.org","@graph":[{"@type":"WebPage","@id":"https:\/\/osnovna-skola-donja-stubica.hr\/wp\/izvanucionicka-nastava-3\/","url":"https:\/\/osnovna-skola-donja-stubica.hr\/wp\/izvanucionicka-nastava-3\/","name":"Izvanu\u010dioni\u010dka nastava - O\u0160 Donja Stubica","isPartOf":{"@id":"https:\/\/osnovna-skola-donja-stubica.hr\/wp\/#website"},"primaryImageOfPage":{"@id":"https:\/\/osnovna-skola-donja-stubica.hr\/wp\/izvanucionicka-nastava-3\/#primaryimage"},"image":{"@id":"https:\/\/osnovna-skola-donja-stubica.hr\/wp\/izvanucionicka-nastava-3\/#primaryimage"},"thumbnailUrl":"http:\/\/osnovna-skola-donja-stubica.hr\/wp\/wp-content\/uploads\/2016\/10\/naslovnaslika-150x150.jpg","datePublished":"2016-10-31T18:49:27+00:00","dateModified":"2016-11-16T17:23:00+00:00","author":{"@id":"https:\/\/osnovna-skola-donja-stubica.hr\/wp\/#\/schema\/person\/ac6675b6713bd5450a007bfd80c14590"},"breadcrumb":{"@id":"https:\/\/osnovna-skola-donja-stubica.hr\/wp\/izvanucionicka-nastava-3\/#breadcrumb"},"inLanguage":"hr","potentialAction":[{"@type":"ReadAction","target":["https:\/\/osnovna-skola-donja-stubica.hr\/wp\/izvanucionicka-nastava-3\/"]}]},{"@type":"ImageObject","inLanguage":"hr","@id":"https:\/\/osnovna-skola-donja-stubica.hr\/wp\/izvanucionicka-nastava-3\/#primaryimage","url":"http:\/\/osnovna-skola-donja-stubica.hr\/wp\/wp-content\/uploads\/2016\/10\/naslovnaslika-150x150.jpg","contentUrl":"http:\/\/osnovna-skola-donja-stubica.hr\/wp\/wp-content\/uploads\/2016\/10\/naslovnaslika-150x150.jpg"},{"@type":"BreadcrumbList","@id":"https:\/\/osnovna-skola-donja-stubica.hr\/wp\/izvanucionicka-nastava-3\/#breadcrumb","itemListElement":[{"@type":"ListItem","position":1,"name":"Po\u010detna stranica","item":"https:\/\/osnovna-skola-donja-stubica.hr\/wp\/"},{"@type":"ListItem","position":2,"name":"Izvanu\u010dioni\u010dka nastava"}]},{"@type":"WebSite","@id":"https:\/\/osnovna-skola-donja-stubica.hr\/wp\/#website","url":"https:\/\/osnovna-skola-donja-stubica.hr\/wp\/","name":"O\u0160 Donja Stubica","description":"","potentialAction":[{"@type":"SearchAction","target":{"@type":"EntryPoint","urlTemplate":"https:\/\/osnovna-skola-donja-stubica.hr\/wp\/?s={search_term_string}"},"query-input":"required name=search_term_string"}],"inLanguage":"hr"},{"@type":"Person","@id":"https:\/\/osnovna-skola-donja-stubica.hr\/wp\/#\/schema\/person\/ac6675b6713bd5450a007bfd80c14590","name":"katarina","image":{"@type":"ImageObject","inLanguage":"hr","@id":"https:\/\/osnovna-skola-donja-stubica.hr\/wp\/#\/schema\/person\/image\/","url":"https:\/\/secure.gravatar.com\/avatar\/353e8f6e96dd21d0b9287b1cb69bb4db?s=96&d=mm&r=g","contentUrl":"https:\/\/secure.gravatar.com\/avatar\/353e8f6e96dd21d0b9287b1cb69bb4db?s=96&d=mm&r=g","caption":"katarina"}}]}},"jetpack_featured_media_url":"","jetpack_sharing_enabled":true,"jetpack-related-posts":[],"jetpack_shortlink":"https:\/\/wp.me\/p7YpPR-9j","_links":{"self":[{"href":"https:\/\/osnovna-skola-donja-stubica.hr\/wp\/wp-json\/wp\/v2\/posts\/577"}],"collection":[{"href":"https:\/\/osnovna-skola-donja-stubica.hr\/wp\/wp-json\/wp\/v2\/posts"}],"about":[{"href":"https:\/\/osnovna-skola-donja-stubica.hr\/wp\/wp-json\/wp\/v2\/types\/post"}],"author":[{"embeddable":true,"href":"https:\/\/osnovna-skola-donja-stubica.hr\/wp\/wp-json\/wp\/v2\/users\/1"}],"replies":[{"embeddable":true,"href":"https:\/\/osnovna-skola-donja-stubica.hr\/wp\/wp-json\/wp\/v2\/comments?post=577"}],"version-history":[{"count":16,"href":"https:\/\/osnovna-skola-donja-stubica.hr\/wp\/wp-json\/wp\/v2\/posts\/577\/revisions"}],"predecessor-version":[{"id":642,"href":"https:\/\/osnovna-skola-donja-stubica.hr\/wp\/wp-json\/wp\/v2\/posts\/577\/revisions\/642"}],"wp:attachment":[{"href":"https:\/\/osnovna-skola-donja-stubica.hr\/wp\/wp-json\/wp\/v2\/media?parent=577"}],"wp:term":[{"taxonomy":"category","embeddable":true,"href":"https:\/\/osnovna-skola-donja-stubica.hr\/wp\/wp-json\/wp\/v2\/categories?post=577"},{"taxonomy":"post_tag","embeddable":true,"href":"https:\/\/osnovna-skola-donja-stubica.hr\/wp\/wp-json\/wp\/v2\/tags?post=577"}],"curies":[{"name":"wp","href":"https:\/\/api.w.org\/{rel}","templated":true}]}}