{"id":5817,"date":"2021-12-01T12:40:32","date_gmt":"2021-12-01T11:40:32","guid":{"rendered":"http:\/\/osnovna-skola-donja-stubica.hr\/wp\/?p=5817"},"modified":"2021-12-01T12:40:35","modified_gmt":"2021-12-01T11:40:35","slug":"dogadanja-453","status":"publish","type":"post","link":"https:\/\/osnovna-skola-donja-stubica.hr\/wp\/dogadanja-453\/","title":{"rendered":"Doga\u0111anja"},"content":{"rendered":"\n<p><\/p>\n\n\n\n<h2 class=\"wp-block-heading\"><strong>U\u010denici Multimedijske skupine sudjelovali na filmskim radionicama<\/strong><\/h2>\n\n\n\n<p><\/p>\n\n\n\n<figure class=\"wp-block-image size-large is-resized\"><img data-attachment-id=\"5818\" data-permalink=\"https:\/\/osnovna-skola-donja-stubica.hr\/wp\/dogadanja-453\/image4\/\" data-orig-file=\"https:\/\/osnovna-skola-donja-stubica.hr\/wp\/wp-content\/uploads\/2021\/12\/image4.jpeg\" data-orig-size=\"508,455\" data-comments-opened=\"0\" data-image-meta=\"{&quot;aperture&quot;:&quot;1.8&quot;,&quot;credit&quot;:&quot;&quot;,&quot;camera&quot;:&quot;iPhone 8&quot;,&quot;caption&quot;:&quot;&quot;,&quot;created_timestamp&quot;:&quot;1637405285&quot;,&quot;copyright&quot;:&quot;&quot;,&quot;focal_length&quot;:&quot;3.99&quot;,&quot;iso&quot;:&quot;25&quot;,&quot;shutter_speed&quot;:&quot;0.0083333333333333&quot;,&quot;title&quot;:&quot;&quot;,&quot;orientation&quot;:&quot;1&quot;}\" data-image-title=\"image4\" data-image-description=\"\" data-image-caption=\"\" data-medium-file=\"https:\/\/osnovna-skola-donja-stubica.hr\/wp\/wp-content\/uploads\/2021\/12\/image4-300x269.jpeg\" data-large-file=\"https:\/\/osnovna-skola-donja-stubica.hr\/wp\/wp-content\/uploads\/2021\/12\/image4.jpeg\" decoding=\"async\" loading=\"lazy\" src=\"https:\/\/osnovna-skola-donja-stubica.hr\/wp\/wp-content\/uploads\/2021\/12\/image4.jpeg\" alt=\"\" class=\"wp-image-5818\" width=\"187\" height=\"168\" srcset=\"https:\/\/osnovna-skola-donja-stubica.hr\/wp\/wp-content\/uploads\/2021\/12\/image4.jpeg 508w, https:\/\/osnovna-skola-donja-stubica.hr\/wp\/wp-content\/uploads\/2021\/12\/image4-300x269.jpeg 300w\" sizes=\"(max-width: 187px) 100vw, 187px\" \/><\/figure>\n\n\n\n<p class=\"has-light-green-cyan-color has-text-color\">Tijekom mjesec dana u\u010denici Multimedijske skupine sudjelovali su na filmskim radionicama koje je vodio filmski redatelj Tomislav \u0160oban u sklopu projekta <em>\u010citKaj<\/em>&nbsp; koji je organizirala Kajkaviana.<\/p>\n\n\n\n<p>Odr\u017eane su \u010detiri radionice u\u017eivo (uz dva dodatna <em>Zoom susreta<\/em>). U\u010denici su tijekom radionica upoznali osnove filmske tehnike i naracije,&nbsp; nau\u010dili kako pristupiti gledanju filmskog, ali i likovnog djela, a u sklopu projekta izradili su uspje\u0161no svoje videonajave za odabrana lektirna djela.<\/p>\n\n\n\n<p>Njihove videonajave prijavljene su na natje\u010daj Ministarstva kulture i medija.<\/p>\n\n\n\n<div class=\"wp-block-image\"><figure class=\"alignright size-large is-resized\"><img data-attachment-id=\"5819\" data-permalink=\"https:\/\/osnovna-skola-donja-stubica.hr\/wp\/dogadanja-453\/image1\/\" data-orig-file=\"https:\/\/osnovna-skola-donja-stubica.hr\/wp\/wp-content\/uploads\/2021\/12\/image1.jpeg\" data-orig-size=\"640,480\" data-comments-opened=\"0\" data-image-meta=\"{&quot;aperture&quot;:&quot;1.8&quot;,&quot;credit&quot;:&quot;&quot;,&quot;camera&quot;:&quot;iPhone 8&quot;,&quot;caption&quot;:&quot;&quot;,&quot;created_timestamp&quot;:&quot;1637406967&quot;,&quot;copyright&quot;:&quot;&quot;,&quot;focal_length&quot;:&quot;3.99&quot;,&quot;iso&quot;:&quot;20&quot;,&quot;shutter_speed&quot;:&quot;0.0017730496453901&quot;,&quot;title&quot;:&quot;&quot;,&quot;orientation&quot;:&quot;1&quot;}\" data-image-title=\"image1\" data-image-description=\"\" data-image-caption=\"\" data-medium-file=\"https:\/\/osnovna-skola-donja-stubica.hr\/wp\/wp-content\/uploads\/2021\/12\/image1-300x225.jpeg\" data-large-file=\"https:\/\/osnovna-skola-donja-stubica.hr\/wp\/wp-content\/uploads\/2021\/12\/image1.jpeg\" decoding=\"async\" loading=\"lazy\" src=\"https:\/\/osnovna-skola-donja-stubica.hr\/wp\/wp-content\/uploads\/2021\/12\/image1.jpeg\" alt=\"\" class=\"wp-image-5819\" width=\"209\" height=\"157\" srcset=\"https:\/\/osnovna-skola-donja-stubica.hr\/wp\/wp-content\/uploads\/2021\/12\/image1.jpeg 640w, https:\/\/osnovna-skola-donja-stubica.hr\/wp\/wp-content\/uploads\/2021\/12\/image1-300x225.jpeg 300w\" sizes=\"(max-width: 209px) 100vw, 209px\" \/><\/figure><\/div>\n\n\n\n<p>Radove mo\u017eete pogledati na sljede\u0107im poveznicama:<\/p>\n\n\n\n<p>Lara \u010cmarec (5.c), Videonajava za djelo Dru\u017eba Pere Kvr\u017eice (M. Lovraka): <a href=\"https:\/\/vimeo.com\/648752797\">https:\/\/vimeo.com\/648752797<\/a><\/p>\n\n\n\n<p>Franka Haus (5. c), Videonajava za djelo Strah u Ulici lipa (M. Mato\u0161eca): <a href=\"https:\/\/vimeo.com\/648751023\">https:\/\/vimeo.com\/648751023<\/a><\/p>\n\n\n\n<p>Petra Medzi\u0107 (8.c), Videonajava za djelo Tajna ogrlice sa sedam rubina (I. \u0160ajatovi\u0107) : <a href=\"https:\/\/vimeo.com\/648656205\">https:\/\/vimeo.com\/648656205<\/a><\/p>\n\n\n\n<p>Matej \u0160imi\u0107 (8.c), Videonajava za djelo Djevoj\u010dica iz Afganistana (D. Ellis):<\/p>\n\n\n\n<figure class=\"wp-block-embed is-type-video is-provider-vimeo wp-block-embed-vimeo wp-embed-aspect-16-9 wp-has-aspect-ratio\"><div class=\"wp-block-embed__wrapper\">\n<div class=\"embed-vimeo\" style=\"text-align: center;\"><iframe loading=\"lazy\" src=\"https:\/\/player.vimeo.com\/video\/651291731\" width=\"600\" height=\"338\" frameborder=\"0\" webkitallowfullscreen mozallowfullscreen allowfullscreen><\/iframe><\/div>\n<\/div><\/figure>\n","protected":false},"excerpt":{"rendered":"<p>U\u010denici Multimedijske skupine sudjelovali na filmskim radionicama Tijekom mjesec dana u\u010denici Multimedijske skupine sudjelovali su na filmskim radionicama koje je vodio filmski redatelj Tomislav \u0160oban u sklopu projekta \u010citKaj&nbsp; koji je organizirala Kajkaviana. Odr\u017eane su \u010detiri radionice u\u017eivo (uz dva dodatna Zoom susreta). U\u010denici su tijekom radionica upoznali osnove filmske tehnike i naracije,&nbsp; nau\u010dili kako [&hellip;]<\/p>\n","protected":false},"author":1,"featured_media":0,"comment_status":"closed","ping_status":"open","sticky":false,"template":"","format":"standard","meta":{"footnotes":"","_jetpack_memberships_contains_paid_content":false},"categories":[2],"tags":[],"yoast_head":"<!-- This site is optimized with the Yoast SEO plugin v22.6 - https:\/\/yoast.com\/wordpress\/plugins\/seo\/ -->\n<title>Doga\u0111anja - O\u0160 Donja Stubica<\/title>\n<meta name=\"robots\" content=\"index, follow, max-snippet:-1, max-image-preview:large, max-video-preview:-1\" \/>\n<link rel=\"canonical\" href=\"https:\/\/osnovna-skola-donja-stubica.hr\/wp\/dogadanja-453\/\" \/>\n<meta property=\"og:locale\" content=\"hr_HR\" \/>\n<meta property=\"og:type\" content=\"article\" \/>\n<meta property=\"og:title\" content=\"Doga\u0111anja - O\u0160 Donja Stubica\" \/>\n<meta property=\"og:description\" content=\"U\u010denici Multimedijske skupine sudjelovali na filmskim radionicama Tijekom mjesec dana u\u010denici Multimedijske skupine sudjelovali su na filmskim radionicama koje je vodio filmski redatelj Tomislav \u0160oban u sklopu projekta \u010citKaj&nbsp; koji je organizirala Kajkaviana. Odr\u017eane su \u010detiri radionice u\u017eivo (uz dva dodatna Zoom susreta). U\u010denici su tijekom radionica upoznali osnove filmske tehnike i naracije,&nbsp; nau\u010dili kako [&hellip;]\" \/>\n<meta property=\"og:url\" content=\"https:\/\/osnovna-skola-donja-stubica.hr\/wp\/dogadanja-453\/\" \/>\n<meta property=\"og:site_name\" content=\"O\u0160 Donja Stubica\" \/>\n<meta property=\"article:published_time\" content=\"2021-12-01T11:40:32+00:00\" \/>\n<meta property=\"article:modified_time\" content=\"2021-12-01T11:40:35+00:00\" \/>\n<meta property=\"og:image\" content=\"http:\/\/osnovna-skola-donja-stubica.hr\/wp\/wp-content\/uploads\/2021\/12\/image4.jpeg\" \/>\n<meta name=\"author\" content=\"katarina\" \/>\n<meta name=\"twitter:card\" content=\"summary_large_image\" \/>\n<meta name=\"twitter:label1\" content=\"Napisao\/la\" \/>\n\t<meta name=\"twitter:data1\" content=\"katarina\" \/>\n\t<meta name=\"twitter:label2\" content=\"Procijenjeno vrijeme \u010ditanja\" \/>\n\t<meta name=\"twitter:data2\" content=\"2 minute\" \/>\n<script type=\"application\/ld+json\" class=\"yoast-schema-graph\">{\"@context\":\"https:\/\/schema.org\",\"@graph\":[{\"@type\":\"WebPage\",\"@id\":\"https:\/\/osnovna-skola-donja-stubica.hr\/wp\/dogadanja-453\/\",\"url\":\"https:\/\/osnovna-skola-donja-stubica.hr\/wp\/dogadanja-453\/\",\"name\":\"Doga\u0111anja - O\u0160 Donja Stubica\",\"isPartOf\":{\"@id\":\"https:\/\/osnovna-skola-donja-stubica.hr\/wp\/#website\"},\"primaryImageOfPage\":{\"@id\":\"https:\/\/osnovna-skola-donja-stubica.hr\/wp\/dogadanja-453\/#primaryimage\"},\"image\":{\"@id\":\"https:\/\/osnovna-skola-donja-stubica.hr\/wp\/dogadanja-453\/#primaryimage\"},\"thumbnailUrl\":\"http:\/\/osnovna-skola-donja-stubica.hr\/wp\/wp-content\/uploads\/2021\/12\/image4.jpeg\",\"datePublished\":\"2021-12-01T11:40:32+00:00\",\"dateModified\":\"2021-12-01T11:40:35+00:00\",\"author\":{\"@id\":\"https:\/\/osnovna-skola-donja-stubica.hr\/wp\/#\/schema\/person\/ac6675b6713bd5450a007bfd80c14590\"},\"breadcrumb\":{\"@id\":\"https:\/\/osnovna-skola-donja-stubica.hr\/wp\/dogadanja-453\/#breadcrumb\"},\"inLanguage\":\"hr\",\"potentialAction\":[{\"@type\":\"ReadAction\",\"target\":[\"https:\/\/osnovna-skola-donja-stubica.hr\/wp\/dogadanja-453\/\"]}]},{\"@type\":\"ImageObject\",\"inLanguage\":\"hr\",\"@id\":\"https:\/\/osnovna-skola-donja-stubica.hr\/wp\/dogadanja-453\/#primaryimage\",\"url\":\"http:\/\/osnovna-skola-donja-stubica.hr\/wp\/wp-content\/uploads\/2021\/12\/image4.jpeg\",\"contentUrl\":\"http:\/\/osnovna-skola-donja-stubica.hr\/wp\/wp-content\/uploads\/2021\/12\/image4.jpeg\"},{\"@type\":\"BreadcrumbList\",\"@id\":\"https:\/\/osnovna-skola-donja-stubica.hr\/wp\/dogadanja-453\/#breadcrumb\",\"itemListElement\":[{\"@type\":\"ListItem\",\"position\":1,\"name\":\"Po\u010detna stranica\",\"item\":\"https:\/\/osnovna-skola-donja-stubica.hr\/wp\/\"},{\"@type\":\"ListItem\",\"position\":2,\"name\":\"Doga\u0111anja\"}]},{\"@type\":\"WebSite\",\"@id\":\"https:\/\/osnovna-skola-donja-stubica.hr\/wp\/#website\",\"url\":\"https:\/\/osnovna-skola-donja-stubica.hr\/wp\/\",\"name\":\"O\u0160 Donja Stubica\",\"description\":\"\",\"potentialAction\":[{\"@type\":\"SearchAction\",\"target\":{\"@type\":\"EntryPoint\",\"urlTemplate\":\"https:\/\/osnovna-skola-donja-stubica.hr\/wp\/?s={search_term_string}\"},\"query-input\":\"required name=search_term_string\"}],\"inLanguage\":\"hr\"},{\"@type\":\"Person\",\"@id\":\"https:\/\/osnovna-skola-donja-stubica.hr\/wp\/#\/schema\/person\/ac6675b6713bd5450a007bfd80c14590\",\"name\":\"katarina\",\"image\":{\"@type\":\"ImageObject\",\"inLanguage\":\"hr\",\"@id\":\"https:\/\/osnovna-skola-donja-stubica.hr\/wp\/#\/schema\/person\/image\/\",\"url\":\"https:\/\/secure.gravatar.com\/avatar\/353e8f6e96dd21d0b9287b1cb69bb4db?s=96&d=mm&r=g\",\"contentUrl\":\"https:\/\/secure.gravatar.com\/avatar\/353e8f6e96dd21d0b9287b1cb69bb4db?s=96&d=mm&r=g\",\"caption\":\"katarina\"}}]}<\/script>\n<!-- \/ Yoast SEO plugin. -->","yoast_head_json":{"title":"Doga\u0111anja - O\u0160 Donja Stubica","robots":{"index":"index","follow":"follow","max-snippet":"max-snippet:-1","max-image-preview":"max-image-preview:large","max-video-preview":"max-video-preview:-1"},"canonical":"https:\/\/osnovna-skola-donja-stubica.hr\/wp\/dogadanja-453\/","og_locale":"hr_HR","og_type":"article","og_title":"Doga\u0111anja - O\u0160 Donja Stubica","og_description":"U\u010denici Multimedijske skupine sudjelovali na filmskim radionicama Tijekom mjesec dana u\u010denici Multimedijske skupine sudjelovali su na filmskim radionicama koje je vodio filmski redatelj Tomislav \u0160oban u sklopu projekta \u010citKaj&nbsp; koji je organizirala Kajkaviana. Odr\u017eane su \u010detiri radionice u\u017eivo (uz dva dodatna Zoom susreta). U\u010denici su tijekom radionica upoznali osnove filmske tehnike i naracije,&nbsp; nau\u010dili kako [&hellip;]","og_url":"https:\/\/osnovna-skola-donja-stubica.hr\/wp\/dogadanja-453\/","og_site_name":"O\u0160 Donja Stubica","article_published_time":"2021-12-01T11:40:32+00:00","article_modified_time":"2021-12-01T11:40:35+00:00","og_image":[{"url":"http:\/\/osnovna-skola-donja-stubica.hr\/wp\/wp-content\/uploads\/2021\/12\/image4.jpeg"}],"author":"katarina","twitter_card":"summary_large_image","twitter_misc":{"Napisao\/la":"katarina","Procijenjeno vrijeme \u010ditanja":"2 minute"},"schema":{"@context":"https:\/\/schema.org","@graph":[{"@type":"WebPage","@id":"https:\/\/osnovna-skola-donja-stubica.hr\/wp\/dogadanja-453\/","url":"https:\/\/osnovna-skola-donja-stubica.hr\/wp\/dogadanja-453\/","name":"Doga\u0111anja - O\u0160 Donja Stubica","isPartOf":{"@id":"https:\/\/osnovna-skola-donja-stubica.hr\/wp\/#website"},"primaryImageOfPage":{"@id":"https:\/\/osnovna-skola-donja-stubica.hr\/wp\/dogadanja-453\/#primaryimage"},"image":{"@id":"https:\/\/osnovna-skola-donja-stubica.hr\/wp\/dogadanja-453\/#primaryimage"},"thumbnailUrl":"http:\/\/osnovna-skola-donja-stubica.hr\/wp\/wp-content\/uploads\/2021\/12\/image4.jpeg","datePublished":"2021-12-01T11:40:32+00:00","dateModified":"2021-12-01T11:40:35+00:00","author":{"@id":"https:\/\/osnovna-skola-donja-stubica.hr\/wp\/#\/schema\/person\/ac6675b6713bd5450a007bfd80c14590"},"breadcrumb":{"@id":"https:\/\/osnovna-skola-donja-stubica.hr\/wp\/dogadanja-453\/#breadcrumb"},"inLanguage":"hr","potentialAction":[{"@type":"ReadAction","target":["https:\/\/osnovna-skola-donja-stubica.hr\/wp\/dogadanja-453\/"]}]},{"@type":"ImageObject","inLanguage":"hr","@id":"https:\/\/osnovna-skola-donja-stubica.hr\/wp\/dogadanja-453\/#primaryimage","url":"http:\/\/osnovna-skola-donja-stubica.hr\/wp\/wp-content\/uploads\/2021\/12\/image4.jpeg","contentUrl":"http:\/\/osnovna-skola-donja-stubica.hr\/wp\/wp-content\/uploads\/2021\/12\/image4.jpeg"},{"@type":"BreadcrumbList","@id":"https:\/\/osnovna-skola-donja-stubica.hr\/wp\/dogadanja-453\/#breadcrumb","itemListElement":[{"@type":"ListItem","position":1,"name":"Po\u010detna stranica","item":"https:\/\/osnovna-skola-donja-stubica.hr\/wp\/"},{"@type":"ListItem","position":2,"name":"Doga\u0111anja"}]},{"@type":"WebSite","@id":"https:\/\/osnovna-skola-donja-stubica.hr\/wp\/#website","url":"https:\/\/osnovna-skola-donja-stubica.hr\/wp\/","name":"O\u0160 Donja Stubica","description":"","potentialAction":[{"@type":"SearchAction","target":{"@type":"EntryPoint","urlTemplate":"https:\/\/osnovna-skola-donja-stubica.hr\/wp\/?s={search_term_string}"},"query-input":"required name=search_term_string"}],"inLanguage":"hr"},{"@type":"Person","@id":"https:\/\/osnovna-skola-donja-stubica.hr\/wp\/#\/schema\/person\/ac6675b6713bd5450a007bfd80c14590","name":"katarina","image":{"@type":"ImageObject","inLanguage":"hr","@id":"https:\/\/osnovna-skola-donja-stubica.hr\/wp\/#\/schema\/person\/image\/","url":"https:\/\/secure.gravatar.com\/avatar\/353e8f6e96dd21d0b9287b1cb69bb4db?s=96&d=mm&r=g","contentUrl":"https:\/\/secure.gravatar.com\/avatar\/353e8f6e96dd21d0b9287b1cb69bb4db?s=96&d=mm&r=g","caption":"katarina"}}]}},"jetpack_featured_media_url":"","jetpack_sharing_enabled":true,"jetpack-related-posts":[],"jetpack_shortlink":"https:\/\/wp.me\/p7YpPR-1vP","_links":{"self":[{"href":"https:\/\/osnovna-skola-donja-stubica.hr\/wp\/wp-json\/wp\/v2\/posts\/5817"}],"collection":[{"href":"https:\/\/osnovna-skola-donja-stubica.hr\/wp\/wp-json\/wp\/v2\/posts"}],"about":[{"href":"https:\/\/osnovna-skola-donja-stubica.hr\/wp\/wp-json\/wp\/v2\/types\/post"}],"author":[{"embeddable":true,"href":"https:\/\/osnovna-skola-donja-stubica.hr\/wp\/wp-json\/wp\/v2\/users\/1"}],"replies":[{"embeddable":true,"href":"https:\/\/osnovna-skola-donja-stubica.hr\/wp\/wp-json\/wp\/v2\/comments?post=5817"}],"version-history":[{"count":1,"href":"https:\/\/osnovna-skola-donja-stubica.hr\/wp\/wp-json\/wp\/v2\/posts\/5817\/revisions"}],"predecessor-version":[{"id":5820,"href":"https:\/\/osnovna-skola-donja-stubica.hr\/wp\/wp-json\/wp\/v2\/posts\/5817\/revisions\/5820"}],"wp:attachment":[{"href":"https:\/\/osnovna-skola-donja-stubica.hr\/wp\/wp-json\/wp\/v2\/media?parent=5817"}],"wp:term":[{"taxonomy":"category","embeddable":true,"href":"https:\/\/osnovna-skola-donja-stubica.hr\/wp\/wp-json\/wp\/v2\/categories?post=5817"},{"taxonomy":"post_tag","embeddable":true,"href":"https:\/\/osnovna-skola-donja-stubica.hr\/wp\/wp-json\/wp\/v2\/tags?post=5817"}],"curies":[{"name":"wp","href":"https:\/\/api.w.org\/{rel}","templated":true}]}}