{"id":6235,"date":"2022-04-11T13:06:15","date_gmt":"2022-04-11T11:06:15","guid":{"rendered":"http:\/\/osnovna-skola-donja-stubica.hr\/wp\/?p=6235"},"modified":"2022-04-11T13:06:48","modified_gmt":"2022-04-11T11:06:48","slug":"dogadanja-472","status":"publish","type":"post","link":"https:\/\/osnovna-skola-donja-stubica.hr\/wp\/dogadanja-472\/","title":{"rendered":"Doga\u0111anja"},"content":{"rendered":"\n<p><\/p>\n\n\n\n<h2 class=\"wp-block-heading\"><strong>Tragom sje\u0107anja: Stoti ro\u0111endan Vesne Parun<\/strong><\/h2>\n\n\n\n<figure class=\"wp-block-image size-large is-resized\"><img data-attachment-id=\"6236\" data-permalink=\"https:\/\/osnovna-skola-donja-stubica.hr\/wp\/dogadanja-472\/vesna-parun4-1\/\" data-orig-file=\"https:\/\/osnovna-skola-donja-stubica.hr\/wp\/wp-content\/uploads\/2022\/04\/vesna-parun4-1.jpg\" data-orig-size=\"800,571\" data-comments-opened=\"0\" data-image-meta=\"{&quot;aperture&quot;:&quot;0&quot;,&quot;credit&quot;:&quot;&quot;,&quot;camera&quot;:&quot;&quot;,&quot;caption&quot;:&quot;&quot;,&quot;created_timestamp&quot;:&quot;0&quot;,&quot;copyright&quot;:&quot;&quot;,&quot;focal_length&quot;:&quot;0&quot;,&quot;iso&quot;:&quot;0&quot;,&quot;shutter_speed&quot;:&quot;0&quot;,&quot;title&quot;:&quot;&quot;,&quot;orientation&quot;:&quot;1&quot;}\" data-image-title=\"vesna-parun4-1\" data-image-description=\"\" data-image-caption=\"\" data-medium-file=\"https:\/\/osnovna-skola-donja-stubica.hr\/wp\/wp-content\/uploads\/2022\/04\/vesna-parun4-1-300x214.jpg\" data-large-file=\"https:\/\/osnovna-skola-donja-stubica.hr\/wp\/wp-content\/uploads\/2022\/04\/vesna-parun4-1.jpg\" decoding=\"async\" loading=\"lazy\" src=\"https:\/\/osnovna-skola-donja-stubica.hr\/wp\/wp-content\/uploads\/2022\/04\/vesna-parun4-1.jpg\" alt=\"\" class=\"wp-image-6236\" width=\"199\" height=\"141\" srcset=\"https:\/\/osnovna-skola-donja-stubica.hr\/wp\/wp-content\/uploads\/2022\/04\/vesna-parun4-1.jpg 800w, https:\/\/osnovna-skola-donja-stubica.hr\/wp\/wp-content\/uploads\/2022\/04\/vesna-parun4-1-300x214.jpg 300w, https:\/\/osnovna-skola-donja-stubica.hr\/wp\/wp-content\/uploads\/2022\/04\/vesna-parun4-1-768x548.jpg 768w\" sizes=\"(max-width: 199px) 100vw, 199px\" \/><\/figure>\n\n\n\n<p class=\"has-light-green-cyan-color has-text-color\"><strong><em>Vesna Parun najistaknutija je hrvatska pjesnikinja u drugoj polovici 20. stolje\u0107a i prevoditeljica. Ro\u0111ena je na otoku Zlarinu 10.4.1922. godine, a umrla je u Stubi\u010dkim Toplicama 25.10.2010. godine u 88. godini. \u017divjela je te\u0161ko od djetinjstva, a to je jedan od razloga \u0161to je postala i prva \u017eena u Hrvatskoj koja je \u017eivjela isklju\u010divo od knji\u017eevnog rada.<\/em><\/strong><\/p>\n\n\n\n<p><strong><span class=\"has-inline-color has-light-green-cyan-color\">Obrazovanje<\/span><\/strong><\/p>\n\n\n\n<p><strong><em>Vesna Parun \u0161kolovala se na Visu gdje je zavr\u0161ila osnovnu \u0161kolu te dalje u \u0160ibeniku i Splitu gdje je poha\u0111ala srednju \u0161kolu. Maturirala je 1940. godine. Uvijek je bila odli\u010dna i uzorna u\u010denica, a po\u0161to je \u017eivjela u te\u0161kim uvjetima, od \u010detrnaeste godine sama se financirala kako bi zavr\u0161ila \u0161kolu. \u010cesto je podu\u010davala instrukcijama kako bi zaradila svoj novac. Nakon \u0161to je maturirala, u jesen 1940. godine se preselila u Zagreb gdje je pred sam po\u010detak Drugog svjetskog rata na Filozofskom fakultetu upisala studij romanistike.<\/em><\/strong><\/p>\n\n\n\n<p><strong><em>Uslijed velikih ratnih razaranja, prekinula je studij u Zagrebu i pobjegla u Split. 1942. godine vratila se u Zagreb te je nastavila sa studiranjem nakon zavr\u0161etka rata. No, prebacila se s romanistike na filozofiju.<\/em><\/strong><\/p>\n\n\n\n<p><strong><em><span class=\"has-inline-color has-light-green-cyan-color\">Privatni \u017eivot<\/span><\/em><\/strong><\/p>\n\n\n\n<p><strong><em>Vesnina brojna obitelj \u017eivjela je poprili\u010dno te\u0161ko i skromno. Majka Antica bila je rodom sa \u0160olte, a otac Ante s Prvi\u0107a. Njezin otac, op\u0107inski \u010dinovnik, uzdr\u017eavao je obitelj od \u010detvero djece, no \u010desto je ostajao bez posla \u0161to bi oni itekako osjetili. Uz to, zbog o\u010devog posla, \u010desto su se selili. Tako je Vesna djetinjstvo provodila u Splitu kod tete i tetka te u \u0160ibeniku i Biogradu na moru.<\/em><\/strong><\/p>\n\n\n\n<p><strong><em>1942. godine, kada se Vesna s obitelji vratila u Zagreb, \u017eivjeli su u Sesvetama. Tamo joj je otac radio u op\u0107ini. Uskoro joj je brat oti\u0161ao boriti se na strani partizana te je poginuo.<\/em><\/strong><\/p>\n\n\n\n<p><strong><em>1947. godine, kada je radila na pruzi \u0160amac-Sarajevo, do\u017eivjela je i vrhunac trenutaka svoje nesretne ljubavi koja ju je pratila jo\u0161 od 1938. godine. Razboljela se od tifusa, a uz rat, i nesretna ljubav bila je jedna od razloga zbog kojih je Vesna prekinula studij.<\/em><\/strong><\/p>\n\n\n\n<p><strong><em>U razdoblju od 1962. do 1967. godine bila je u Bugarskoj gdje je provela te\u0161ke trenutke svoga \u017eivota, udala se i razvela.&nbsp; Nakon toga \u017eivjela je i radila u Zagrebu kao slobodni knji\u017eevnik. Pola stolje\u0107a provela je \u017eive\u0107i u Studentskom gradu u zagreba\u010dkoj Dubravi da bi ga 2000. godine napustila i iz zdravstvenih razloga se preselila u Stubi\u010dke Toplice. Jako je patila zbog toga te je vjerovala da se radi o privremenoj situaciji i da \u0107e se jednom ponovo vratiti u svoj dom. U Stubi\u010dkim Toplicama je jo\u0161 krajem 70-ih godina upoznala Magdicu, \u017eenu koju je nazivala svojom \u017eivotnom u\u010diteljicom.<\/em><\/strong><\/p>\n\n\n\n<p><strong><em><span class=\"has-inline-color has-light-green-cyan-color\">Posao<\/span><\/em><\/strong><\/p>\n\n\n\n<p><strong><em>Pisanjem se po\u010dela baviti jo\u0161 u djetinjstvu kada je 1932. godine u dobi od samo deset godina objavila svoju prvu pjesmu \u201cPramalje\u0107e\u201d. Pjesmu je napisala na otoku Visu, a objavljena je u novinskom listu \u201cAn\u0111eo \u010duvar\u201d.<\/em><\/strong><\/p>\n\n\n\n<p><strong><em>1938. godine objavila je pjesmu \u201cZov\u201d u \u010dasopisu \u201cSljeme\u201d. Iz pjesme se mogu i\u0161\u010ditati Vesnini temeljni motivi za \u017eivot, a to su slavljene \u017eivota, hrabrost i rad. Uz poeziju, pisala je i prozu, dramu te satiri\u010dne i dje\u010dje pjesme.<\/em><\/strong><\/p>\n\n\n\n<p><strong><em>1947. godine sudjelovala je na omladinskim radnim akcijama koje su se odr\u017eavale na pruzi \u0160amac-Sarajevo. Tamo je oboljela od tifusa, a nakon toga, u svojoj 25. godini izdala je svoju prvu zbirku poezije \u201cZore i vihori\u201d. Zbirka \u201cZore i vihori\u201d, koju je objavila 1947. godine, va\u017ena je za daljnji razvoj hrvatske poezije.<\/em><\/strong><\/p>\n\n\n\n<p><strong><em>\u017divjela je od knji\u017eevnog rada, a uz pisanje pjesama, drama, dje\u010dje poezije i proze, radila je kao prevoditeljica. Prevodila je sa slovenskog, bugarskog i francuskog jezika. Uskoro se toliko istaknula svojim pisanjem da je postala jedna od najzna\u010dajnijih hrvatskih autorica.<\/em><\/strong><\/p>\n\n\n\n<p><strong><em>Prvotno je pisala samo poeziju, no nakon \u0161to je objavila drugu knjigu pjesama, posvetila se i drami i prozi. Objavila je vi\u0161e od \u0161ezdeset knjiga proze i poezije, a njezina \u010detiri dramska djela su uprizorena.<\/em><\/strong><\/p>\n\n\n\n<p><strong><em>Njezina najpoznatija djela su: \u201cZore i vihori\u201d, \u201cPjesme\u201d, \u201cVidrama vjerna\u201d, \u201cPusti da otpo\u010dinem\u201d, \u201cTi i nikad\u201d,\u201dKoralj vra\u0107en moru\u201d \u201cKonjanik\u201d, \u201cJao jutro\u201d, \u201cPjesme\u201d, \u201cTragom Magde Isanos\u201d, \u201cOlovni golub\u201d, \u201c\u010cita\u010d snova\u201d, \u201cMapa Magdica\u201d, \u201cHrvatska kraljica\u201d, \u201cGrad na Durmitoru\u201d, \u201cIndigo grad\u201d, \u201cTrono\u017eac koji hoda\u201d, \u201cPtica vremena\u201d,\u201dPelin basne\u201d, \u201cPoliti\u010dko Valentinovo\u201d, \u201cGrijeh smrti\u201d, \u201cKrv svjedoka\u201d, \u201cNo\u0107 za pakost \u2013 moj \u017eivot u 40 vre\u0107a\u201d, \u201cHo\u0107u ljuti\u0107, ne\u0107u mak\u201d, \u201cZec mudrijan\u201d, \u201cMiki Trasi i baka Pim Bako\u201d,\u201dKroz prozor\u010di\u0107 zime\u201d \u201cMarija i mornar\u201d, \u201cApsirt\u201d, \u201cMagare\u0107i otok, oliti homo homini asinus\u201d, \u201c\u0160kola za skitnice\u201d i mnoga druga.<\/em><\/strong><\/p>\n\n\n\n<p><strong><em><span class=\"has-inline-color has-light-green-cyan-color\">Najve\u0107a postignu\u0107a<\/span><\/em><\/strong><\/p>\n\n\n\n<p><strong><em>Vesna Parun je za svoj knji\u017eevni rad dobila brojne nagrade. 1948. godine dobila je prvu nagradu za zbirku \u201cPjesme\u201d, a to je bila <span class=\"has-inline-color has-light-green-cyan-color\">Nagrada Matice Hrvatske<\/span>. Slijedile su nagrade: Nagrada za zbirku \u201cCrna maslina\u201d 1955. godine, godi\u0161nja nagrada <span class=\"has-inline-color has-light-green-cyan-color\">Vladimir Nazor<\/span> 1959. godine, <span class=\"has-inline-color has-light-green-cyan-color\">Nagrada Grigor Vitez<\/span> 1968. godine za dje\u010dji roman \u201cMa\u010dak D\u017eingiskan i Miki Trasi\u201d, 1970. godine dobila je <span class=\"has-inline-color has-light-green-cyan-color\">Diplomu za poeziju u Parizu<\/span>, 1972,. godine dobitnica je Zmajeve nagrade za najuspje\u0161nijeg dje\u010djeg pjesnika koja se dodijelila u Novom Sadu, 1982. godine dobila je <span class=\"has-inline-color has-light-green-cyan-color\">Nagradu Vladimir Nazor<\/span> za \u017eivotno djelo, 1955. godine dobila je Maslinov vijenac i titulu poeta oliveatus, 2002. godine dobitnica je <span class=\"has-inline-color has-black-color\">povelje<\/span> <span class=\"has-inline-color has-light-green-cyan-color\">Visoka \u017euta \u017eita <\/span>za trajni doprinos hrvatskoj knji\u017eevnosti, 2003. godine dobila je nagradu Tin Ujevi\u0107, a 2006. godine <span class=\"has-inline-color has-light-green-cyan-color\">Veliku zlatnu plaketu<\/span> UBIUDR Podravka te 2010. godine <span class=\"has-inline-color has-light-green-cyan-color\">Europsku knji\u017eevnu nagradu.<\/span><\/em><\/strong><\/p>\n\n\n\n<p><strong><em><span class=\"has-inline-color has-light-green-cyan-color\">Ti koja ima\u0161 ruke nevinije od mojih,<br>budi blaga njegovu snu<br>koji je ostao bezazlen.<br>Ali mi dopusti da vidim<br>njegovo lice, dok na njega budu<br>silazile nepoznate godine.<br>I reci mi katkad ne\u0161to o njemu,<br>da ne moram pitati strance<br>koji mi se \u010dude, i susjede<br>koji \u017eale moju strpljivost.<br><br>Ti koja ima\u0161 ruke nevinije od mojih,<br>ostani kraj njegova uzglavlja<br>i budi blaga njegovu snu. (Vesna Parun)<\/span><\/em><\/strong><\/p>\n","protected":false},"excerpt":{"rendered":"<p>Tragom sje\u0107anja: Stoti ro\u0111endan Vesne Parun Vesna Parun najistaknutija je hrvatska pjesnikinja u drugoj polovici 20. stolje\u0107a i prevoditeljica. Ro\u0111ena je na otoku Zlarinu 10.4.1922. godine, a umrla je u Stubi\u010dkim Toplicama 25.10.2010. godine u 88. godini. \u017divjela je te\u0161ko od djetinjstva, a to je jedan od razloga \u0161to je postala i prva \u017eena u [&hellip;]<\/p>\n","protected":false},"author":1,"featured_media":0,"comment_status":"closed","ping_status":"open","sticky":false,"template":"","format":"standard","meta":{"footnotes":"","_jetpack_memberships_contains_paid_content":false},"categories":[2],"tags":[],"yoast_head":"<!-- This site is optimized with the Yoast SEO plugin v22.6 - https:\/\/yoast.com\/wordpress\/plugins\/seo\/ -->\n<title>Doga\u0111anja - O\u0160 Donja Stubica<\/title>\n<meta name=\"robots\" content=\"index, follow, max-snippet:-1, max-image-preview:large, max-video-preview:-1\" \/>\n<link rel=\"canonical\" href=\"https:\/\/osnovna-skola-donja-stubica.hr\/wp\/dogadanja-472\/\" \/>\n<meta property=\"og:locale\" content=\"hr_HR\" \/>\n<meta property=\"og:type\" content=\"article\" \/>\n<meta property=\"og:title\" content=\"Doga\u0111anja - O\u0160 Donja Stubica\" \/>\n<meta property=\"og:description\" content=\"Tragom sje\u0107anja: Stoti ro\u0111endan Vesne Parun Vesna Parun najistaknutija je hrvatska pjesnikinja u drugoj polovici 20. stolje\u0107a i prevoditeljica. Ro\u0111ena je na otoku Zlarinu 10.4.1922. godine, a umrla je u Stubi\u010dkim Toplicama 25.10.2010. godine u 88. godini. \u017divjela je te\u0161ko od djetinjstva, a to je jedan od razloga \u0161to je postala i prva \u017eena u [&hellip;]\" \/>\n<meta property=\"og:url\" content=\"https:\/\/osnovna-skola-donja-stubica.hr\/wp\/dogadanja-472\/\" \/>\n<meta property=\"og:site_name\" content=\"O\u0160 Donja Stubica\" \/>\n<meta property=\"article:published_time\" content=\"2022-04-11T11:06:15+00:00\" \/>\n<meta property=\"article:modified_time\" content=\"2022-04-11T11:06:48+00:00\" \/>\n<meta property=\"og:image\" content=\"http:\/\/osnovna-skola-donja-stubica.hr\/wp\/wp-content\/uploads\/2022\/04\/vesna-parun4-1.jpg\" \/>\n<meta name=\"author\" content=\"katarina\" \/>\n<meta name=\"twitter:card\" content=\"summary_large_image\" \/>\n<meta name=\"twitter:label1\" content=\"Napisao\/la\" \/>\n\t<meta name=\"twitter:data1\" content=\"katarina\" \/>\n\t<meta name=\"twitter:label2\" content=\"Procijenjeno vrijeme \u010ditanja\" \/>\n\t<meta name=\"twitter:data2\" content=\"6 minuta\" \/>\n<script type=\"application\/ld+json\" class=\"yoast-schema-graph\">{\"@context\":\"https:\/\/schema.org\",\"@graph\":[{\"@type\":\"WebPage\",\"@id\":\"https:\/\/osnovna-skola-donja-stubica.hr\/wp\/dogadanja-472\/\",\"url\":\"https:\/\/osnovna-skola-donja-stubica.hr\/wp\/dogadanja-472\/\",\"name\":\"Doga\u0111anja - O\u0160 Donja Stubica\",\"isPartOf\":{\"@id\":\"https:\/\/osnovna-skola-donja-stubica.hr\/wp\/#website\"},\"primaryImageOfPage\":{\"@id\":\"https:\/\/osnovna-skola-donja-stubica.hr\/wp\/dogadanja-472\/#primaryimage\"},\"image\":{\"@id\":\"https:\/\/osnovna-skola-donja-stubica.hr\/wp\/dogadanja-472\/#primaryimage\"},\"thumbnailUrl\":\"http:\/\/osnovna-skola-donja-stubica.hr\/wp\/wp-content\/uploads\/2022\/04\/vesna-parun4-1.jpg\",\"datePublished\":\"2022-04-11T11:06:15+00:00\",\"dateModified\":\"2022-04-11T11:06:48+00:00\",\"author\":{\"@id\":\"https:\/\/osnovna-skola-donja-stubica.hr\/wp\/#\/schema\/person\/ac6675b6713bd5450a007bfd80c14590\"},\"breadcrumb\":{\"@id\":\"https:\/\/osnovna-skola-donja-stubica.hr\/wp\/dogadanja-472\/#breadcrumb\"},\"inLanguage\":\"hr\",\"potentialAction\":[{\"@type\":\"ReadAction\",\"target\":[\"https:\/\/osnovna-skola-donja-stubica.hr\/wp\/dogadanja-472\/\"]}]},{\"@type\":\"ImageObject\",\"inLanguage\":\"hr\",\"@id\":\"https:\/\/osnovna-skola-donja-stubica.hr\/wp\/dogadanja-472\/#primaryimage\",\"url\":\"http:\/\/osnovna-skola-donja-stubica.hr\/wp\/wp-content\/uploads\/2022\/04\/vesna-parun4-1.jpg\",\"contentUrl\":\"http:\/\/osnovna-skola-donja-stubica.hr\/wp\/wp-content\/uploads\/2022\/04\/vesna-parun4-1.jpg\"},{\"@type\":\"BreadcrumbList\",\"@id\":\"https:\/\/osnovna-skola-donja-stubica.hr\/wp\/dogadanja-472\/#breadcrumb\",\"itemListElement\":[{\"@type\":\"ListItem\",\"position\":1,\"name\":\"Po\u010detna stranica\",\"item\":\"https:\/\/osnovna-skola-donja-stubica.hr\/wp\/\"},{\"@type\":\"ListItem\",\"position\":2,\"name\":\"Doga\u0111anja\"}]},{\"@type\":\"WebSite\",\"@id\":\"https:\/\/osnovna-skola-donja-stubica.hr\/wp\/#website\",\"url\":\"https:\/\/osnovna-skola-donja-stubica.hr\/wp\/\",\"name\":\"O\u0160 Donja Stubica\",\"description\":\"\",\"potentialAction\":[{\"@type\":\"SearchAction\",\"target\":{\"@type\":\"EntryPoint\",\"urlTemplate\":\"https:\/\/osnovna-skola-donja-stubica.hr\/wp\/?s={search_term_string}\"},\"query-input\":\"required name=search_term_string\"}],\"inLanguage\":\"hr\"},{\"@type\":\"Person\",\"@id\":\"https:\/\/osnovna-skola-donja-stubica.hr\/wp\/#\/schema\/person\/ac6675b6713bd5450a007bfd80c14590\",\"name\":\"katarina\",\"image\":{\"@type\":\"ImageObject\",\"inLanguage\":\"hr\",\"@id\":\"https:\/\/osnovna-skola-donja-stubica.hr\/wp\/#\/schema\/person\/image\/\",\"url\":\"https:\/\/secure.gravatar.com\/avatar\/353e8f6e96dd21d0b9287b1cb69bb4db?s=96&d=mm&r=g\",\"contentUrl\":\"https:\/\/secure.gravatar.com\/avatar\/353e8f6e96dd21d0b9287b1cb69bb4db?s=96&d=mm&r=g\",\"caption\":\"katarina\"}}]}<\/script>\n<!-- \/ Yoast SEO plugin. -->","yoast_head_json":{"title":"Doga\u0111anja - O\u0160 Donja Stubica","robots":{"index":"index","follow":"follow","max-snippet":"max-snippet:-1","max-image-preview":"max-image-preview:large","max-video-preview":"max-video-preview:-1"},"canonical":"https:\/\/osnovna-skola-donja-stubica.hr\/wp\/dogadanja-472\/","og_locale":"hr_HR","og_type":"article","og_title":"Doga\u0111anja - O\u0160 Donja Stubica","og_description":"Tragom sje\u0107anja: Stoti ro\u0111endan Vesne Parun Vesna Parun najistaknutija je hrvatska pjesnikinja u drugoj polovici 20. stolje\u0107a i prevoditeljica. Ro\u0111ena je na otoku Zlarinu 10.4.1922. godine, a umrla je u Stubi\u010dkim Toplicama 25.10.2010. godine u 88. godini. \u017divjela je te\u0161ko od djetinjstva, a to je jedan od razloga \u0161to je postala i prva \u017eena u [&hellip;]","og_url":"https:\/\/osnovna-skola-donja-stubica.hr\/wp\/dogadanja-472\/","og_site_name":"O\u0160 Donja Stubica","article_published_time":"2022-04-11T11:06:15+00:00","article_modified_time":"2022-04-11T11:06:48+00:00","og_image":[{"url":"http:\/\/osnovna-skola-donja-stubica.hr\/wp\/wp-content\/uploads\/2022\/04\/vesna-parun4-1.jpg"}],"author":"katarina","twitter_card":"summary_large_image","twitter_misc":{"Napisao\/la":"katarina","Procijenjeno vrijeme \u010ditanja":"6 minuta"},"schema":{"@context":"https:\/\/schema.org","@graph":[{"@type":"WebPage","@id":"https:\/\/osnovna-skola-donja-stubica.hr\/wp\/dogadanja-472\/","url":"https:\/\/osnovna-skola-donja-stubica.hr\/wp\/dogadanja-472\/","name":"Doga\u0111anja - O\u0160 Donja Stubica","isPartOf":{"@id":"https:\/\/osnovna-skola-donja-stubica.hr\/wp\/#website"},"primaryImageOfPage":{"@id":"https:\/\/osnovna-skola-donja-stubica.hr\/wp\/dogadanja-472\/#primaryimage"},"image":{"@id":"https:\/\/osnovna-skola-donja-stubica.hr\/wp\/dogadanja-472\/#primaryimage"},"thumbnailUrl":"http:\/\/osnovna-skola-donja-stubica.hr\/wp\/wp-content\/uploads\/2022\/04\/vesna-parun4-1.jpg","datePublished":"2022-04-11T11:06:15+00:00","dateModified":"2022-04-11T11:06:48+00:00","author":{"@id":"https:\/\/osnovna-skola-donja-stubica.hr\/wp\/#\/schema\/person\/ac6675b6713bd5450a007bfd80c14590"},"breadcrumb":{"@id":"https:\/\/osnovna-skola-donja-stubica.hr\/wp\/dogadanja-472\/#breadcrumb"},"inLanguage":"hr","potentialAction":[{"@type":"ReadAction","target":["https:\/\/osnovna-skola-donja-stubica.hr\/wp\/dogadanja-472\/"]}]},{"@type":"ImageObject","inLanguage":"hr","@id":"https:\/\/osnovna-skola-donja-stubica.hr\/wp\/dogadanja-472\/#primaryimage","url":"http:\/\/osnovna-skola-donja-stubica.hr\/wp\/wp-content\/uploads\/2022\/04\/vesna-parun4-1.jpg","contentUrl":"http:\/\/osnovna-skola-donja-stubica.hr\/wp\/wp-content\/uploads\/2022\/04\/vesna-parun4-1.jpg"},{"@type":"BreadcrumbList","@id":"https:\/\/osnovna-skola-donja-stubica.hr\/wp\/dogadanja-472\/#breadcrumb","itemListElement":[{"@type":"ListItem","position":1,"name":"Po\u010detna stranica","item":"https:\/\/osnovna-skola-donja-stubica.hr\/wp\/"},{"@type":"ListItem","position":2,"name":"Doga\u0111anja"}]},{"@type":"WebSite","@id":"https:\/\/osnovna-skola-donja-stubica.hr\/wp\/#website","url":"https:\/\/osnovna-skola-donja-stubica.hr\/wp\/","name":"O\u0160 Donja Stubica","description":"","potentialAction":[{"@type":"SearchAction","target":{"@type":"EntryPoint","urlTemplate":"https:\/\/osnovna-skola-donja-stubica.hr\/wp\/?s={search_term_string}"},"query-input":"required name=search_term_string"}],"inLanguage":"hr"},{"@type":"Person","@id":"https:\/\/osnovna-skola-donja-stubica.hr\/wp\/#\/schema\/person\/ac6675b6713bd5450a007bfd80c14590","name":"katarina","image":{"@type":"ImageObject","inLanguage":"hr","@id":"https:\/\/osnovna-skola-donja-stubica.hr\/wp\/#\/schema\/person\/image\/","url":"https:\/\/secure.gravatar.com\/avatar\/353e8f6e96dd21d0b9287b1cb69bb4db?s=96&d=mm&r=g","contentUrl":"https:\/\/secure.gravatar.com\/avatar\/353e8f6e96dd21d0b9287b1cb69bb4db?s=96&d=mm&r=g","caption":"katarina"}}]}},"jetpack_featured_media_url":"","jetpack_sharing_enabled":true,"jetpack-related-posts":[],"jetpack_shortlink":"https:\/\/wp.me\/p7YpPR-1Cz","_links":{"self":[{"href":"https:\/\/osnovna-skola-donja-stubica.hr\/wp\/wp-json\/wp\/v2\/posts\/6235"}],"collection":[{"href":"https:\/\/osnovna-skola-donja-stubica.hr\/wp\/wp-json\/wp\/v2\/posts"}],"about":[{"href":"https:\/\/osnovna-skola-donja-stubica.hr\/wp\/wp-json\/wp\/v2\/types\/post"}],"author":[{"embeddable":true,"href":"https:\/\/osnovna-skola-donja-stubica.hr\/wp\/wp-json\/wp\/v2\/users\/1"}],"replies":[{"embeddable":true,"href":"https:\/\/osnovna-skola-donja-stubica.hr\/wp\/wp-json\/wp\/v2\/comments?post=6235"}],"version-history":[{"count":2,"href":"https:\/\/osnovna-skola-donja-stubica.hr\/wp\/wp-json\/wp\/v2\/posts\/6235\/revisions"}],"predecessor-version":[{"id":6238,"href":"https:\/\/osnovna-skola-donja-stubica.hr\/wp\/wp-json\/wp\/v2\/posts\/6235\/revisions\/6238"}],"wp:attachment":[{"href":"https:\/\/osnovna-skola-donja-stubica.hr\/wp\/wp-json\/wp\/v2\/media?parent=6235"}],"wp:term":[{"taxonomy":"category","embeddable":true,"href":"https:\/\/osnovna-skola-donja-stubica.hr\/wp\/wp-json\/wp\/v2\/categories?post=6235"},{"taxonomy":"post_tag","embeddable":true,"href":"https:\/\/osnovna-skola-donja-stubica.hr\/wp\/wp-json\/wp\/v2\/tags?post=6235"}],"curies":[{"name":"wp","href":"https:\/\/api.w.org\/{rel}","templated":true}]}}