{"id":6703,"date":"2022-07-20T14:34:00","date_gmt":"2022-07-20T12:34:00","guid":{"rendered":"http:\/\/osnovna-skola-donja-stubica.hr\/wp\/?p=6703"},"modified":"2022-07-28T14:39:20","modified_gmt":"2022-07-28T12:39:20","slug":"obavijest-roditeljima-udzbenici","status":"publish","type":"post","link":"https:\/\/osnovna-skola-donja-stubica.hr\/wp\/obavijest-roditeljima-udzbenici\/","title":{"rendered":"Obavijest roditeljima"},"content":{"rendered":"\n<h2 class=\"wp-block-heading\">Financiranje ud\u017ebenika i drugih obrazovnih materijala<\/h2>\n\n\n\n<p>Cijenjeni roditelji,<\/p>\n\n\n\n<p>obavje\u0161tavamo vas da za sljede\u0107u \u0161kolsku godinu 2022.\/2023. niste du\u017eni kupovati&nbsp; ud\u017ebenike, jer \u0107e&nbsp; ud\u017ebenici biti financirani iz Dr\u017eavnog prora\u010duna.<\/p>\n\n\n\n<p>U\u010denici \u0107e ud\u017ebenike &nbsp;preuzeti prvi dan nastave u novoj \u0161kolskoj godini (5. rujna 2022.), odnosno &nbsp;do\u010dekat \u0107e ih na \u0161kolskim klupama.<\/p>\n\n\n\n<p>Ud\u017ebenici su u vlasni\u0161tvu \u0161kole te ih je potrebno na kraju svake \u0161kolske godine vratiti, neo\u0161te\u0107ene kako bi ih u\u010denici mogli koristiti i u sljede\u0107oj \u0161kolskoj godini.<\/p>\n\n\n\n<p>Svi u\u010denici 1. do 8. razreda dobit \u0107e i druge obrazovne materijale (radne bilje\u017enice) koje financiraju Grad Donja Stubica i Krapinsko zagorska \u017eupanija.<\/p>\n\n\n\n<p>Mape za likovnu kulturu, kutije za tehni\u010dku kulturu i geografske atlase za 5. razrede dodatno \u0107e financirati Grad Donja Stubica.<\/p>\n","protected":false},"excerpt":{"rendered":"<p>Financiranje ud\u017ebenika i drugih obrazovnih materijala Cijenjeni roditelji, obavje\u0161tavamo vas da za sljede\u0107u \u0161kolsku godinu 2022.\/2023. niste du\u017eni kupovati&nbsp; ud\u017ebenike, jer \u0107e&nbsp; ud\u017ebenici biti financirani iz Dr\u017eavnog prora\u010duna. U\u010denici \u0107e ud\u017ebenike &nbsp;preuzeti prvi dan nastave u novoj \u0161kolskoj godini (5. rujna 2022.), odnosno &nbsp;do\u010dekat \u0107e ih na \u0161kolskim klupama. Ud\u017ebenici su u vlasni\u0161tvu \u0161kole te [&hellip;]<\/p>\n","protected":false},"author":2,"featured_media":0,"comment_status":"closed","ping_status":"open","sticky":false,"template":"","format":"standard","meta":{"footnotes":"","_jetpack_memberships_contains_paid_content":false},"categories":[5,24],"tags":[],"yoast_head":"<!-- This site is optimized with the Yoast SEO plugin v22.6 - https:\/\/yoast.com\/wordpress\/plugins\/seo\/ -->\n<title>Obavijest roditeljima - O\u0160 Donja Stubica<\/title>\n<meta name=\"robots\" content=\"index, follow, max-snippet:-1, max-image-preview:large, max-video-preview:-1\" \/>\n<link rel=\"canonical\" href=\"https:\/\/osnovna-skola-donja-stubica.hr\/wp\/obavijest-roditeljima-udzbenici\/\" \/>\n<meta property=\"og:locale\" content=\"hr_HR\" \/>\n<meta property=\"og:type\" content=\"article\" \/>\n<meta property=\"og:title\" content=\"Obavijest roditeljima - O\u0160 Donja Stubica\" \/>\n<meta property=\"og:description\" content=\"Financiranje ud\u017ebenika i drugih obrazovnih materijala Cijenjeni roditelji, obavje\u0161tavamo vas da za sljede\u0107u \u0161kolsku godinu 2022.\/2023. niste du\u017eni kupovati&nbsp; ud\u017ebenike, jer \u0107e&nbsp; ud\u017ebenici biti financirani iz Dr\u017eavnog prora\u010duna. U\u010denici \u0107e ud\u017ebenike &nbsp;preuzeti prvi dan nastave u novoj \u0161kolskoj godini (5. rujna 2022.), odnosno &nbsp;do\u010dekat \u0107e ih na \u0161kolskim klupama. Ud\u017ebenici su u vlasni\u0161tvu \u0161kole te [&hellip;]\" \/>\n<meta property=\"og:url\" content=\"https:\/\/osnovna-skola-donja-stubica.hr\/wp\/obavijest-roditeljima-udzbenici\/\" \/>\n<meta property=\"og:site_name\" content=\"O\u0160 Donja Stubica\" \/>\n<meta property=\"article:published_time\" content=\"2022-07-20T12:34:00+00:00\" \/>\n<meta property=\"article:modified_time\" content=\"2022-07-28T12:39:20+00:00\" \/>\n<meta name=\"author\" content=\"nikola\" \/>\n<meta name=\"twitter:card\" content=\"summary_large_image\" \/>\n<meta name=\"twitter:label1\" content=\"Napisao\/la\" \/>\n\t<meta name=\"twitter:data1\" content=\"nikola\" \/>\n\t<meta name=\"twitter:label2\" content=\"Procijenjeno vrijeme \u010ditanja\" \/>\n\t<meta name=\"twitter:data2\" content=\"1 minuta\" \/>\n<script type=\"application\/ld+json\" class=\"yoast-schema-graph\">{\"@context\":\"https:\/\/schema.org\",\"@graph\":[{\"@type\":\"WebPage\",\"@id\":\"https:\/\/osnovna-skola-donja-stubica.hr\/wp\/obavijest-roditeljima-udzbenici\/\",\"url\":\"https:\/\/osnovna-skola-donja-stubica.hr\/wp\/obavijest-roditeljima-udzbenici\/\",\"name\":\"Obavijest roditeljima - O\u0160 Donja Stubica\",\"isPartOf\":{\"@id\":\"https:\/\/osnovna-skola-donja-stubica.hr\/wp\/#website\"},\"datePublished\":\"2022-07-20T12:34:00+00:00\",\"dateModified\":\"2022-07-28T12:39:20+00:00\",\"author\":{\"@id\":\"https:\/\/osnovna-skola-donja-stubica.hr\/wp\/#\/schema\/person\/5ad865aacbeaddcb6e33e58cddf1bda9\"},\"breadcrumb\":{\"@id\":\"https:\/\/osnovna-skola-donja-stubica.hr\/wp\/obavijest-roditeljima-udzbenici\/#breadcrumb\"},\"inLanguage\":\"hr\",\"potentialAction\":[{\"@type\":\"ReadAction\",\"target\":[\"https:\/\/osnovna-skola-donja-stubica.hr\/wp\/obavijest-roditeljima-udzbenici\/\"]}]},{\"@type\":\"BreadcrumbList\",\"@id\":\"https:\/\/osnovna-skola-donja-stubica.hr\/wp\/obavijest-roditeljima-udzbenici\/#breadcrumb\",\"itemListElement\":[{\"@type\":\"ListItem\",\"position\":1,\"name\":\"Po\u010detna stranica\",\"item\":\"https:\/\/osnovna-skola-donja-stubica.hr\/wp\/\"},{\"@type\":\"ListItem\",\"position\":2,\"name\":\"Obavijest roditeljima\"}]},{\"@type\":\"WebSite\",\"@id\":\"https:\/\/osnovna-skola-donja-stubica.hr\/wp\/#website\",\"url\":\"https:\/\/osnovna-skola-donja-stubica.hr\/wp\/\",\"name\":\"O\u0160 Donja Stubica\",\"description\":\"\",\"potentialAction\":[{\"@type\":\"SearchAction\",\"target\":{\"@type\":\"EntryPoint\",\"urlTemplate\":\"https:\/\/osnovna-skola-donja-stubica.hr\/wp\/?s={search_term_string}\"},\"query-input\":\"required name=search_term_string\"}],\"inLanguage\":\"hr\"},{\"@type\":\"Person\",\"@id\":\"https:\/\/osnovna-skola-donja-stubica.hr\/wp\/#\/schema\/person\/5ad865aacbeaddcb6e33e58cddf1bda9\",\"name\":\"nikola\",\"image\":{\"@type\":\"ImageObject\",\"inLanguage\":\"hr\",\"@id\":\"https:\/\/osnovna-skola-donja-stubica.hr\/wp\/#\/schema\/person\/image\/\",\"url\":\"https:\/\/secure.gravatar.com\/avatar\/ff6be33b6d6c4b5468e2d0782604d647?s=96&d=mm&r=g\",\"contentUrl\":\"https:\/\/secure.gravatar.com\/avatar\/ff6be33b6d6c4b5468e2d0782604d647?s=96&d=mm&r=g\",\"caption\":\"nikola\"}}]}<\/script>\n<!-- \/ Yoast SEO plugin. -->","yoast_head_json":{"title":"Obavijest roditeljima - O\u0160 Donja Stubica","robots":{"index":"index","follow":"follow","max-snippet":"max-snippet:-1","max-image-preview":"max-image-preview:large","max-video-preview":"max-video-preview:-1"},"canonical":"https:\/\/osnovna-skola-donja-stubica.hr\/wp\/obavijest-roditeljima-udzbenici\/","og_locale":"hr_HR","og_type":"article","og_title":"Obavijest roditeljima - O\u0160 Donja Stubica","og_description":"Financiranje ud\u017ebenika i drugih obrazovnih materijala Cijenjeni roditelji, obavje\u0161tavamo vas da za sljede\u0107u \u0161kolsku godinu 2022.\/2023. niste du\u017eni kupovati&nbsp; ud\u017ebenike, jer \u0107e&nbsp; ud\u017ebenici biti financirani iz Dr\u017eavnog prora\u010duna. U\u010denici \u0107e ud\u017ebenike &nbsp;preuzeti prvi dan nastave u novoj \u0161kolskoj godini (5. rujna 2022.), odnosno &nbsp;do\u010dekat \u0107e ih na \u0161kolskim klupama. Ud\u017ebenici su u vlasni\u0161tvu \u0161kole te [&hellip;]","og_url":"https:\/\/osnovna-skola-donja-stubica.hr\/wp\/obavijest-roditeljima-udzbenici\/","og_site_name":"O\u0160 Donja Stubica","article_published_time":"2022-07-20T12:34:00+00:00","article_modified_time":"2022-07-28T12:39:20+00:00","author":"nikola","twitter_card":"summary_large_image","twitter_misc":{"Napisao\/la":"nikola","Procijenjeno vrijeme \u010ditanja":"1 minuta"},"schema":{"@context":"https:\/\/schema.org","@graph":[{"@type":"WebPage","@id":"https:\/\/osnovna-skola-donja-stubica.hr\/wp\/obavijest-roditeljima-udzbenici\/","url":"https:\/\/osnovna-skola-donja-stubica.hr\/wp\/obavijest-roditeljima-udzbenici\/","name":"Obavijest roditeljima - O\u0160 Donja Stubica","isPartOf":{"@id":"https:\/\/osnovna-skola-donja-stubica.hr\/wp\/#website"},"datePublished":"2022-07-20T12:34:00+00:00","dateModified":"2022-07-28T12:39:20+00:00","author":{"@id":"https:\/\/osnovna-skola-donja-stubica.hr\/wp\/#\/schema\/person\/5ad865aacbeaddcb6e33e58cddf1bda9"},"breadcrumb":{"@id":"https:\/\/osnovna-skola-donja-stubica.hr\/wp\/obavijest-roditeljima-udzbenici\/#breadcrumb"},"inLanguage":"hr","potentialAction":[{"@type":"ReadAction","target":["https:\/\/osnovna-skola-donja-stubica.hr\/wp\/obavijest-roditeljima-udzbenici\/"]}]},{"@type":"BreadcrumbList","@id":"https:\/\/osnovna-skola-donja-stubica.hr\/wp\/obavijest-roditeljima-udzbenici\/#breadcrumb","itemListElement":[{"@type":"ListItem","position":1,"name":"Po\u010detna stranica","item":"https:\/\/osnovna-skola-donja-stubica.hr\/wp\/"},{"@type":"ListItem","position":2,"name":"Obavijest roditeljima"}]},{"@type":"WebSite","@id":"https:\/\/osnovna-skola-donja-stubica.hr\/wp\/#website","url":"https:\/\/osnovna-skola-donja-stubica.hr\/wp\/","name":"O\u0160 Donja Stubica","description":"","potentialAction":[{"@type":"SearchAction","target":{"@type":"EntryPoint","urlTemplate":"https:\/\/osnovna-skola-donja-stubica.hr\/wp\/?s={search_term_string}"},"query-input":"required name=search_term_string"}],"inLanguage":"hr"},{"@type":"Person","@id":"https:\/\/osnovna-skola-donja-stubica.hr\/wp\/#\/schema\/person\/5ad865aacbeaddcb6e33e58cddf1bda9","name":"nikola","image":{"@type":"ImageObject","inLanguage":"hr","@id":"https:\/\/osnovna-skola-donja-stubica.hr\/wp\/#\/schema\/person\/image\/","url":"https:\/\/secure.gravatar.com\/avatar\/ff6be33b6d6c4b5468e2d0782604d647?s=96&d=mm&r=g","contentUrl":"https:\/\/secure.gravatar.com\/avatar\/ff6be33b6d6c4b5468e2d0782604d647?s=96&d=mm&r=g","caption":"nikola"}}]}},"jetpack_featured_media_url":"","jetpack_sharing_enabled":true,"jetpack-related-posts":[],"jetpack_shortlink":"https:\/\/wp.me\/p7YpPR-1K7","_links":{"self":[{"href":"https:\/\/osnovna-skola-donja-stubica.hr\/wp\/wp-json\/wp\/v2\/posts\/6703"}],"collection":[{"href":"https:\/\/osnovna-skola-donja-stubica.hr\/wp\/wp-json\/wp\/v2\/posts"}],"about":[{"href":"https:\/\/osnovna-skola-donja-stubica.hr\/wp\/wp-json\/wp\/v2\/types\/post"}],"author":[{"embeddable":true,"href":"https:\/\/osnovna-skola-donja-stubica.hr\/wp\/wp-json\/wp\/v2\/users\/2"}],"replies":[{"embeddable":true,"href":"https:\/\/osnovna-skola-donja-stubica.hr\/wp\/wp-json\/wp\/v2\/comments?post=6703"}],"version-history":[{"count":3,"href":"https:\/\/osnovna-skola-donja-stubica.hr\/wp\/wp-json\/wp\/v2\/posts\/6703\/revisions"}],"predecessor-version":[{"id":6709,"href":"https:\/\/osnovna-skola-donja-stubica.hr\/wp\/wp-json\/wp\/v2\/posts\/6703\/revisions\/6709"}],"wp:attachment":[{"href":"https:\/\/osnovna-skola-donja-stubica.hr\/wp\/wp-json\/wp\/v2\/media?parent=6703"}],"wp:term":[{"taxonomy":"category","embeddable":true,"href":"https:\/\/osnovna-skola-donja-stubica.hr\/wp\/wp-json\/wp\/v2\/categories?post=6703"},{"taxonomy":"post_tag","embeddable":true,"href":"https:\/\/osnovna-skola-donja-stubica.hr\/wp\/wp-json\/wp\/v2\/tags?post=6703"}],"curies":[{"name":"wp","href":"https:\/\/api.w.org\/{rel}","templated":true}]}}