{"id":706,"date":"2016-11-25T15:23:18","date_gmt":"2016-11-25T14:23:18","guid":{"rendered":"http:\/\/osnovna-skola-donja-stubica.hr\/?p=706"},"modified":"2016-11-25T15:23:18","modified_gmt":"2016-11-25T14:23:18","slug":"dogadanja-10","status":"publish","type":"post","link":"https:\/\/osnovna-skola-donja-stubica.hr\/wp\/dogadanja-10\/","title":{"rendered":"Doga\u0111anja"},"content":{"rendered":"<h1>\u010citam sto na sat<\/h1>\n<p><span style=\"color: #99cc00;\"><img data-attachment-id=\"707\" data-permalink=\"https:\/\/osnovna-skola-donja-stubica.hr\/wp\/dogadanja-10\/20161115_115636\/\" data-orig-file=\"https:\/\/osnovna-skola-donja-stubica.hr\/wp\/wp-content\/uploads\/2016\/11\/20161115_115636.jpg\" data-orig-size=\"2560,1920\" data-comments-opened=\"0\" data-image-meta=\"{&quot;aperture&quot;:&quot;2.6&quot;,&quot;credit&quot;:&quot;&quot;,&quot;camera&quot;:&quot;GT-I8190&quot;,&quot;caption&quot;:&quot;&quot;,&quot;created_timestamp&quot;:&quot;1479210995&quot;,&quot;copyright&quot;:&quot;&quot;,&quot;focal_length&quot;:&quot;3.54&quot;,&quot;iso&quot;:&quot;50&quot;,&quot;shutter_speed&quot;:&quot;0.025&quot;,&quot;title&quot;:&quot;&quot;,&quot;orientation&quot;:&quot;1&quot;}\" data-image-title=\"20161115_115636\" data-image-description=\"\" data-image-caption=\"\" data-medium-file=\"https:\/\/osnovna-skola-donja-stubica.hr\/wp\/wp-content\/uploads\/2016\/11\/20161115_115636-300x225.jpg\" data-large-file=\"https:\/\/osnovna-skola-donja-stubica.hr\/wp\/wp-content\/uploads\/2016\/11\/20161115_115636-1024x768.jpg\" decoding=\"async\" loading=\"lazy\" class=\"alignnone wp-image-707 size-thumbnail alignleft\" src=\"https:\/\/osnovna-skola-donja-stubica.hr\/wp\/wp-content\/uploads\/2016\/11\/20161115_115636-150x150.jpg\" alt=\"20161115_115636\" width=\"150\" height=\"150\" srcset=\"https:\/\/osnovna-skola-donja-stubica.hr\/wp\/wp-content\/uploads\/2016\/11\/20161115_115636-150x150.jpg 150w, https:\/\/osnovna-skola-donja-stubica.hr\/wp\/wp-content\/uploads\/2016\/11\/20161115_115636-50x50.jpg 50w\" sizes=\"(max-width: 150px) 100vw, 150px\" \/>Da \u010ditaju sto na sat, potvrdili su na\u0161i u\u010denici <strong>David Mirt<\/strong> iz 5.a i <strong>Julija Jagar\u010dec<\/strong> iz 6.a jer su u sklopu Nacionalnog kviza za poticanje \u010ditanja &#8220;\u010citam sto na sat&#8221; pro\u010ditali tri knjige i uspje\u0161no rije\u0161ili upitnik<\/span>.<\/p>\n<p>Radi se o knjigama Mire Gavrana: Ljeto za pam\u0107enje, Snje\u017eane Babi\u0107-Vi\u0161nji\u0107: Krugovi na vodi i Nene Lon\u010dar: Bio sam pas i opet sam. <strong>Nacionalni kviz za poticanje \u010ditanja <\/strong>organiziraju Knji\u017enice grada Zagreba &#8211; Hrvatski centar za dje\u010dju knjigu i Odjel za djecu i mlade\u017e Gradske knji\u017enice s Mediotekom u\u00a0 Mjesecu hrvatske knjige.\u00a0<!--more--><\/p>\n<p>U utorak 15. studenoga 2016. David i Julija su u pratnji knji\u017eni\u010darke Danice Pelko oti\u0161li u Zagreb na zavr\u0161nu sve\u010danost kviza. Sve\u010danost je bila prire\u0111ena u zgradi Nacionalne i sveu\u010dili\u0161ne knji\u017enice i to je bila zgodna prilika da mali \u010dita\u010di vide na\u0161 najve\u0107i &#8220;hram knjige&#8221;. \u00a0Knji\u017eni\u010darka ih je kratko provela po knji\u017enici, \u010dak smo malo zavirili i u trezor, a onda smo oti\u0161li na sve\u010danost.<\/p>\n<p>Skupu su se ukratko obratili pisci Miro Gavran, Snje\u017eana Babi\u0107-Vi\u0161nji\u0107 i Nena Lon\u010dar. Dijelove Gavranove knjige Ljeto za pam\u0107enje izveli su glumci Doris Pin\u010di\u0107 Rogoznica i Robert Kurba\u0161a, a zabavljao nas je KGZ bend, glazbeni sastav u kojem sviraju i pjevaju knji\u017eni\u010dari. Pobjednika kviza Davida Mirta knji\u017eni\u010darka Danica Pelko nagradila je knjigom po njegovom izboru.<\/p>\n","protected":false},"excerpt":{"rendered":"<p>\u010citam sto na sat Da \u010ditaju sto na sat, potvrdili su na\u0161i u\u010denici David Mirt iz 5.a i Julija Jagar\u010dec iz 6.a jer su u sklopu Nacionalnog kviza za poticanje \u010ditanja &#8220;\u010citam sto na sat&#8221; pro\u010ditali tri knjige i uspje\u0161no rije\u0161ili upitnik. Radi se o knjigama Mire Gavrana: Ljeto za pam\u0107enje, Snje\u017eane Babi\u0107-Vi\u0161nji\u0107: Krugovi na [&hellip;]<\/p>\n","protected":false},"author":1,"featured_media":0,"comment_status":"closed","ping_status":"open","sticky":false,"template":"","format":"standard","meta":{"footnotes":"","_jetpack_memberships_contains_paid_content":false},"categories":[2],"tags":[22],"yoast_head":"<!-- This site is optimized with the Yoast SEO plugin v22.6 - https:\/\/yoast.com\/wordpress\/plugins\/seo\/ -->\n<title>Doga\u0111anja - O\u0160 Donja Stubica<\/title>\n<meta name=\"robots\" content=\"index, follow, max-snippet:-1, max-image-preview:large, max-video-preview:-1\" \/>\n<link rel=\"canonical\" href=\"https:\/\/osnovna-skola-donja-stubica.hr\/wp\/dogadanja-10\/\" \/>\n<meta property=\"og:locale\" content=\"hr_HR\" \/>\n<meta property=\"og:type\" content=\"article\" \/>\n<meta property=\"og:title\" content=\"Doga\u0111anja - O\u0160 Donja Stubica\" \/>\n<meta property=\"og:description\" content=\"\u010citam sto na sat Da \u010ditaju sto na sat, potvrdili su na\u0161i u\u010denici David Mirt iz 5.a i Julija Jagar\u010dec iz 6.a jer su u sklopu Nacionalnog kviza za poticanje \u010ditanja &#8220;\u010citam sto na sat&#8221; pro\u010ditali tri knjige i uspje\u0161no rije\u0161ili upitnik. Radi se o knjigama Mire Gavrana: Ljeto za pam\u0107enje, Snje\u017eane Babi\u0107-Vi\u0161nji\u0107: Krugovi na [&hellip;]\" \/>\n<meta property=\"og:url\" content=\"https:\/\/osnovna-skola-donja-stubica.hr\/wp\/dogadanja-10\/\" \/>\n<meta property=\"og:site_name\" content=\"O\u0160 Donja Stubica\" \/>\n<meta property=\"article:published_time\" content=\"2016-11-25T14:23:18+00:00\" \/>\n<meta property=\"og:image\" content=\"http:\/\/osnovna-skola-donja-stubica.hr\/wp\/wp-content\/uploads\/2016\/11\/20161115_115636-150x150.jpg\" \/>\n<meta name=\"author\" content=\"katarina\" \/>\n<meta name=\"twitter:card\" content=\"summary_large_image\" \/>\n<meta name=\"twitter:label1\" content=\"Napisao\/la\" \/>\n\t<meta name=\"twitter:data1\" content=\"katarina\" \/>\n\t<meta name=\"twitter:label2\" content=\"Procijenjeno vrijeme \u010ditanja\" \/>\n\t<meta name=\"twitter:data2\" content=\"1 minuta\" \/>\n<script type=\"application\/ld+json\" class=\"yoast-schema-graph\">{\"@context\":\"https:\/\/schema.org\",\"@graph\":[{\"@type\":\"WebPage\",\"@id\":\"https:\/\/osnovna-skola-donja-stubica.hr\/wp\/dogadanja-10\/\",\"url\":\"https:\/\/osnovna-skola-donja-stubica.hr\/wp\/dogadanja-10\/\",\"name\":\"Doga\u0111anja - O\u0160 Donja Stubica\",\"isPartOf\":{\"@id\":\"https:\/\/osnovna-skola-donja-stubica.hr\/wp\/#website\"},\"primaryImageOfPage\":{\"@id\":\"https:\/\/osnovna-skola-donja-stubica.hr\/wp\/dogadanja-10\/#primaryimage\"},\"image\":{\"@id\":\"https:\/\/osnovna-skola-donja-stubica.hr\/wp\/dogadanja-10\/#primaryimage\"},\"thumbnailUrl\":\"http:\/\/osnovna-skola-donja-stubica.hr\/wp\/wp-content\/uploads\/2016\/11\/20161115_115636-150x150.jpg\",\"datePublished\":\"2016-11-25T14:23:18+00:00\",\"dateModified\":\"2016-11-25T14:23:18+00:00\",\"author\":{\"@id\":\"https:\/\/osnovna-skola-donja-stubica.hr\/wp\/#\/schema\/person\/ac6675b6713bd5450a007bfd80c14590\"},\"breadcrumb\":{\"@id\":\"https:\/\/osnovna-skola-donja-stubica.hr\/wp\/dogadanja-10\/#breadcrumb\"},\"inLanguage\":\"hr\",\"potentialAction\":[{\"@type\":\"ReadAction\",\"target\":[\"https:\/\/osnovna-skola-donja-stubica.hr\/wp\/dogadanja-10\/\"]}]},{\"@type\":\"ImageObject\",\"inLanguage\":\"hr\",\"@id\":\"https:\/\/osnovna-skola-donja-stubica.hr\/wp\/dogadanja-10\/#primaryimage\",\"url\":\"http:\/\/osnovna-skola-donja-stubica.hr\/wp\/wp-content\/uploads\/2016\/11\/20161115_115636-150x150.jpg\",\"contentUrl\":\"http:\/\/osnovna-skola-donja-stubica.hr\/wp\/wp-content\/uploads\/2016\/11\/20161115_115636-150x150.jpg\"},{\"@type\":\"BreadcrumbList\",\"@id\":\"https:\/\/osnovna-skola-donja-stubica.hr\/wp\/dogadanja-10\/#breadcrumb\",\"itemListElement\":[{\"@type\":\"ListItem\",\"position\":1,\"name\":\"Po\u010detna stranica\",\"item\":\"https:\/\/osnovna-skola-donja-stubica.hr\/wp\/\"},{\"@type\":\"ListItem\",\"position\":2,\"name\":\"Doga\u0111anja\"}]},{\"@type\":\"WebSite\",\"@id\":\"https:\/\/osnovna-skola-donja-stubica.hr\/wp\/#website\",\"url\":\"https:\/\/osnovna-skola-donja-stubica.hr\/wp\/\",\"name\":\"O\u0160 Donja Stubica\",\"description\":\"\",\"potentialAction\":[{\"@type\":\"SearchAction\",\"target\":{\"@type\":\"EntryPoint\",\"urlTemplate\":\"https:\/\/osnovna-skola-donja-stubica.hr\/wp\/?s={search_term_string}\"},\"query-input\":\"required name=search_term_string\"}],\"inLanguage\":\"hr\"},{\"@type\":\"Person\",\"@id\":\"https:\/\/osnovna-skola-donja-stubica.hr\/wp\/#\/schema\/person\/ac6675b6713bd5450a007bfd80c14590\",\"name\":\"katarina\",\"image\":{\"@type\":\"ImageObject\",\"inLanguage\":\"hr\",\"@id\":\"https:\/\/osnovna-skola-donja-stubica.hr\/wp\/#\/schema\/person\/image\/\",\"url\":\"https:\/\/secure.gravatar.com\/avatar\/353e8f6e96dd21d0b9287b1cb69bb4db?s=96&d=mm&r=g\",\"contentUrl\":\"https:\/\/secure.gravatar.com\/avatar\/353e8f6e96dd21d0b9287b1cb69bb4db?s=96&d=mm&r=g\",\"caption\":\"katarina\"}}]}<\/script>\n<!-- \/ Yoast SEO plugin. -->","yoast_head_json":{"title":"Doga\u0111anja - O\u0160 Donja Stubica","robots":{"index":"index","follow":"follow","max-snippet":"max-snippet:-1","max-image-preview":"max-image-preview:large","max-video-preview":"max-video-preview:-1"},"canonical":"https:\/\/osnovna-skola-donja-stubica.hr\/wp\/dogadanja-10\/","og_locale":"hr_HR","og_type":"article","og_title":"Doga\u0111anja - O\u0160 Donja Stubica","og_description":"\u010citam sto na sat Da \u010ditaju sto na sat, potvrdili su na\u0161i u\u010denici David Mirt iz 5.a i Julija Jagar\u010dec iz 6.a jer su u sklopu Nacionalnog kviza za poticanje \u010ditanja &#8220;\u010citam sto na sat&#8221; pro\u010ditali tri knjige i uspje\u0161no rije\u0161ili upitnik. Radi se o knjigama Mire Gavrana: Ljeto za pam\u0107enje, Snje\u017eane Babi\u0107-Vi\u0161nji\u0107: Krugovi na [&hellip;]","og_url":"https:\/\/osnovna-skola-donja-stubica.hr\/wp\/dogadanja-10\/","og_site_name":"O\u0160 Donja Stubica","article_published_time":"2016-11-25T14:23:18+00:00","og_image":[{"url":"http:\/\/osnovna-skola-donja-stubica.hr\/wp\/wp-content\/uploads\/2016\/11\/20161115_115636-150x150.jpg"}],"author":"katarina","twitter_card":"summary_large_image","twitter_misc":{"Napisao\/la":"katarina","Procijenjeno vrijeme \u010ditanja":"1 minuta"},"schema":{"@context":"https:\/\/schema.org","@graph":[{"@type":"WebPage","@id":"https:\/\/osnovna-skola-donja-stubica.hr\/wp\/dogadanja-10\/","url":"https:\/\/osnovna-skola-donja-stubica.hr\/wp\/dogadanja-10\/","name":"Doga\u0111anja - O\u0160 Donja Stubica","isPartOf":{"@id":"https:\/\/osnovna-skola-donja-stubica.hr\/wp\/#website"},"primaryImageOfPage":{"@id":"https:\/\/osnovna-skola-donja-stubica.hr\/wp\/dogadanja-10\/#primaryimage"},"image":{"@id":"https:\/\/osnovna-skola-donja-stubica.hr\/wp\/dogadanja-10\/#primaryimage"},"thumbnailUrl":"http:\/\/osnovna-skola-donja-stubica.hr\/wp\/wp-content\/uploads\/2016\/11\/20161115_115636-150x150.jpg","datePublished":"2016-11-25T14:23:18+00:00","dateModified":"2016-11-25T14:23:18+00:00","author":{"@id":"https:\/\/osnovna-skola-donja-stubica.hr\/wp\/#\/schema\/person\/ac6675b6713bd5450a007bfd80c14590"},"breadcrumb":{"@id":"https:\/\/osnovna-skola-donja-stubica.hr\/wp\/dogadanja-10\/#breadcrumb"},"inLanguage":"hr","potentialAction":[{"@type":"ReadAction","target":["https:\/\/osnovna-skola-donja-stubica.hr\/wp\/dogadanja-10\/"]}]},{"@type":"ImageObject","inLanguage":"hr","@id":"https:\/\/osnovna-skola-donja-stubica.hr\/wp\/dogadanja-10\/#primaryimage","url":"http:\/\/osnovna-skola-donja-stubica.hr\/wp\/wp-content\/uploads\/2016\/11\/20161115_115636-150x150.jpg","contentUrl":"http:\/\/osnovna-skola-donja-stubica.hr\/wp\/wp-content\/uploads\/2016\/11\/20161115_115636-150x150.jpg"},{"@type":"BreadcrumbList","@id":"https:\/\/osnovna-skola-donja-stubica.hr\/wp\/dogadanja-10\/#breadcrumb","itemListElement":[{"@type":"ListItem","position":1,"name":"Po\u010detna stranica","item":"https:\/\/osnovna-skola-donja-stubica.hr\/wp\/"},{"@type":"ListItem","position":2,"name":"Doga\u0111anja"}]},{"@type":"WebSite","@id":"https:\/\/osnovna-skola-donja-stubica.hr\/wp\/#website","url":"https:\/\/osnovna-skola-donja-stubica.hr\/wp\/","name":"O\u0160 Donja Stubica","description":"","potentialAction":[{"@type":"SearchAction","target":{"@type":"EntryPoint","urlTemplate":"https:\/\/osnovna-skola-donja-stubica.hr\/wp\/?s={search_term_string}"},"query-input":"required name=search_term_string"}],"inLanguage":"hr"},{"@type":"Person","@id":"https:\/\/osnovna-skola-donja-stubica.hr\/wp\/#\/schema\/person\/ac6675b6713bd5450a007bfd80c14590","name":"katarina","image":{"@type":"ImageObject","inLanguage":"hr","@id":"https:\/\/osnovna-skola-donja-stubica.hr\/wp\/#\/schema\/person\/image\/","url":"https:\/\/secure.gravatar.com\/avatar\/353e8f6e96dd21d0b9287b1cb69bb4db?s=96&d=mm&r=g","contentUrl":"https:\/\/secure.gravatar.com\/avatar\/353e8f6e96dd21d0b9287b1cb69bb4db?s=96&d=mm&r=g","caption":"katarina"}}]}},"jetpack_featured_media_url":"","jetpack_sharing_enabled":true,"jetpack-related-posts":[],"jetpack_shortlink":"https:\/\/wp.me\/p7YpPR-bo","_links":{"self":[{"href":"https:\/\/osnovna-skola-donja-stubica.hr\/wp\/wp-json\/wp\/v2\/posts\/706"}],"collection":[{"href":"https:\/\/osnovna-skola-donja-stubica.hr\/wp\/wp-json\/wp\/v2\/posts"}],"about":[{"href":"https:\/\/osnovna-skola-donja-stubica.hr\/wp\/wp-json\/wp\/v2\/types\/post"}],"author":[{"embeddable":true,"href":"https:\/\/osnovna-skola-donja-stubica.hr\/wp\/wp-json\/wp\/v2\/users\/1"}],"replies":[{"embeddable":true,"href":"https:\/\/osnovna-skola-donja-stubica.hr\/wp\/wp-json\/wp\/v2\/comments?post=706"}],"version-history":[{"count":1,"href":"https:\/\/osnovna-skola-donja-stubica.hr\/wp\/wp-json\/wp\/v2\/posts\/706\/revisions"}],"predecessor-version":[{"id":708,"href":"https:\/\/osnovna-skola-donja-stubica.hr\/wp\/wp-json\/wp\/v2\/posts\/706\/revisions\/708"}],"wp:attachment":[{"href":"https:\/\/osnovna-skola-donja-stubica.hr\/wp\/wp-json\/wp\/v2\/media?parent=706"}],"wp:term":[{"taxonomy":"category","embeddable":true,"href":"https:\/\/osnovna-skola-donja-stubica.hr\/wp\/wp-json\/wp\/v2\/categories?post=706"},{"taxonomy":"post_tag","embeddable":true,"href":"https:\/\/osnovna-skola-donja-stubica.hr\/wp\/wp-json\/wp\/v2\/tags?post=706"}],"curies":[{"name":"wp","href":"https:\/\/api.w.org\/{rel}","templated":true}]}}