{"id":7577,"date":"2023-03-21T10:58:13","date_gmt":"2023-03-21T09:58:13","guid":{"rendered":"http:\/\/osnovna-skola-donja-stubica.hr\/wp\/?p=7577"},"modified":"2023-04-21T18:08:59","modified_gmt":"2023-04-21T16:08:59","slug":"dogadanja-573","status":"publish","type":"post","link":"https:\/\/osnovna-skola-donja-stubica.hr\/wp\/dogadanja-573\/","title":{"rendered":"<strong>Doga\u0111anja<\/strong>"},"content":{"rendered":"\n<p><\/p>\n\n\n\n<h2 class=\"wp-block-heading\"><strong>Razredni projekt u\u010denika 6.a i b razreda<\/strong><\/h2>\n\n\n\n<h2 class=\"wp-block-heading\"><strong>Izrada slikovnica: Gospo\u0111ica Ljubav<\/strong><\/h2>\n\n\n\n<figure class=\"wp-block-image size-large is-resized\"><img data-attachment-id=\"7579\" data-permalink=\"https:\/\/osnovna-skola-donja-stubica.hr\/wp\/dogadanja-573\/attachment\/1679299868899\/\" data-orig-file=\"https:\/\/osnovna-skola-donja-stubica.hr\/wp\/wp-content\/uploads\/2023\/03\/1679299868899-scaled.jpg\" data-orig-size=\"1928,2560\" data-comments-opened=\"0\" data-image-meta=\"{&quot;aperture&quot;:&quot;0&quot;,&quot;credit&quot;:&quot;&quot;,&quot;camera&quot;:&quot;--&quot;,&quot;caption&quot;:&quot;&quot;,&quot;created_timestamp&quot;:&quot;1679302767&quot;,&quot;copyright&quot;:&quot;&quot;,&quot;focal_length&quot;:&quot;0&quot;,&quot;iso&quot;:&quot;0&quot;,&quot;shutter_speed&quot;:&quot;1&quot;,&quot;title&quot;:&quot;&quot;,&quot;orientation&quot;:&quot;1&quot;}\" data-image-title=\"1679299868899\" data-image-description=\"\" data-image-caption=\"\" data-medium-file=\"https:\/\/osnovna-skola-donja-stubica.hr\/wp\/wp-content\/uploads\/2023\/03\/1679299868899-226x300.jpg\" data-large-file=\"https:\/\/osnovna-skola-donja-stubica.hr\/wp\/wp-content\/uploads\/2023\/03\/1679299868899-771x1024.jpg\" decoding=\"async\" loading=\"lazy\" src=\"https:\/\/osnovna-skola-donja-stubica.hr\/wp\/wp-content\/uploads\/2023\/03\/1679299868899-771x1024.jpg\" alt=\"\" class=\"wp-image-7579\" width=\"232\" height=\"307\" srcset=\"https:\/\/osnovna-skola-donja-stubica.hr\/wp\/wp-content\/uploads\/2023\/03\/1679299868899-771x1024.jpg 771w, https:\/\/osnovna-skola-donja-stubica.hr\/wp\/wp-content\/uploads\/2023\/03\/1679299868899-226x300.jpg 226w, https:\/\/osnovna-skola-donja-stubica.hr\/wp\/wp-content\/uploads\/2023\/03\/1679299868899-768x1020.jpg 768w, https:\/\/osnovna-skola-donja-stubica.hr\/wp\/wp-content\/uploads\/2023\/03\/1679299868899-1157x1536.jpg 1157w, https:\/\/osnovna-skola-donja-stubica.hr\/wp\/wp-content\/uploads\/2023\/03\/1679299868899-1542x2048.jpg 1542w, https:\/\/osnovna-skola-donja-stubica.hr\/wp\/wp-content\/uploads\/2023\/03\/1679299868899-scaled.jpg 1928w\" sizes=\"(max-width: 232px) 100vw, 232px\" \/><\/figure>\n\n\n\n<h4 class=\"wp-block-heading\">U\u010denici 6.a i b razreda na satovima Hrvatskoga jezika, uz pomo\u0107 svoje u\u010diteljice Koraljke Parlaj, bavili su se izradom slikovnica kao razrednim projektom zapo\u010detim u velja\u010di, mjesecu ljubavi. Naziv projekta je Gospo\u0111ica Ljubav!<\/h4>\n\n\n\n<!--more-->\n\n\n<div class=\"wp-block-image is-style-rounded\">\n<figure class=\"alignright size-large is-resized\"><img data-attachment-id=\"7581\" data-permalink=\"https:\/\/osnovna-skola-donja-stubica.hr\/wp\/dogadanja-573\/attachment\/1679299868850\/\" data-orig-file=\"https:\/\/osnovna-skola-donja-stubica.hr\/wp\/wp-content\/uploads\/2023\/03\/1679299868850-scaled.jpg\" data-orig-size=\"1928,2560\" data-comments-opened=\"0\" data-image-meta=\"{&quot;aperture&quot;:&quot;0&quot;,&quot;credit&quot;:&quot;&quot;,&quot;camera&quot;:&quot;--&quot;,&quot;caption&quot;:&quot;&quot;,&quot;created_timestamp&quot;:&quot;1679302793&quot;,&quot;copyright&quot;:&quot;&quot;,&quot;focal_length&quot;:&quot;0&quot;,&quot;iso&quot;:&quot;0&quot;,&quot;shutter_speed&quot;:&quot;1&quot;,&quot;title&quot;:&quot;&quot;,&quot;orientation&quot;:&quot;1&quot;}\" data-image-title=\"1679299868850\" data-image-description=\"\" data-image-caption=\"\" data-medium-file=\"https:\/\/osnovna-skola-donja-stubica.hr\/wp\/wp-content\/uploads\/2023\/03\/1679299868850-226x300.jpg\" data-large-file=\"https:\/\/osnovna-skola-donja-stubica.hr\/wp\/wp-content\/uploads\/2023\/03\/1679299868850-771x1024.jpg\" decoding=\"async\" loading=\"lazy\" src=\"https:\/\/osnovna-skola-donja-stubica.hr\/wp\/wp-content\/uploads\/2023\/03\/1679299868850-771x1024.jpg\" alt=\"\" class=\"wp-image-7581\" width=\"248\" height=\"329\" srcset=\"https:\/\/osnovna-skola-donja-stubica.hr\/wp\/wp-content\/uploads\/2023\/03\/1679299868850-771x1024.jpg 771w, https:\/\/osnovna-skola-donja-stubica.hr\/wp\/wp-content\/uploads\/2023\/03\/1679299868850-226x300.jpg 226w, https:\/\/osnovna-skola-donja-stubica.hr\/wp\/wp-content\/uploads\/2023\/03\/1679299868850-768x1020.jpg 768w, https:\/\/osnovna-skola-donja-stubica.hr\/wp\/wp-content\/uploads\/2023\/03\/1679299868850-1157x1536.jpg 1157w, https:\/\/osnovna-skola-donja-stubica.hr\/wp\/wp-content\/uploads\/2023\/03\/1679299868850-1542x2048.jpg 1542w, https:\/\/osnovna-skola-donja-stubica.hr\/wp\/wp-content\/uploads\/2023\/03\/1679299868850-scaled.jpg 1928w\" sizes=\"(max-width: 248px) 100vw, 248px\" \/><\/figure><\/div>\n\n\n<p>Svaki je u\u010denik ovoj temi pristupio na svoj na\u010din. Pojedini u\u010denici pisali su o bratskoj ili sestrinskoj ljubavi, ljubavi prema ku\u0107nim ljubimcima, maj\u010dinskoj ljubavi, ljubavi na prvi pogled, zabranjenoj ljubavi, ljubavi me\u0111u cvije\u0107em ili u \u017eivotinjskom svijetu!<\/p>\n\n\n\n<p>Tema pisanja bila je u\u010denikov izbor, naglasak je bio na originalnosti teksta (u\u010denici su sami osmislili svoju pri\u010du), ma\u0161tovitim i urednim ilustracijama i zanimljivoj poruci koju slikovnica pru\u017ea na kraju! Slikovnice su ra\u0111ene raznim tehnikama: kola\u017e, drvene bojice, flomasteri, pastele, a pojedini u\u010denici slu\u017eili su se i raznim alatima za bojanje i izradu ilustracija! Svaka je slikovnica spojena u cjelinu vrpcom, ukrasnom trakom ili na neki drugi na\u010din!<\/p>\n\n\n\n<p>Svaki je u\u010denik jednominutnim usmenim izlaganjem predstavio svoju slikovnicu, na\u010din i tehniku izrade, objasnio svoj odabir teme te \u0161to je, rade\u0107i ovu slikovnicu, nau\u010dio, koja je nova iskustva stekao i koji mu je dio izrade slikovnice bio najte\u017ei ili najzanimljiviji!<\/p>\n\n\n\n<p>Najva\u017enije od svega je da su slikovnice s puno pa\u017enje i ljubavi ra\u0111ene za njihove male prijatelje iz drugog a i b razreda! \u0160esta\u0161i su se izuzetno veselili \u0161to \u0107e obradovati u\u010denike drugog razreda i potaknuti ih na razvijanje njihovih \u010ditala\u010dkih sposobnosti te razvijati prijateljsko, vr\u0161nja\u010dko dru\u017eenje i u\u010denje.<\/p>\n\n\n<div class=\"wp-block-image is-style-rounded\">\n<figure class=\"alignright size-large is-resized\"><img data-attachment-id=\"7580\" data-permalink=\"https:\/\/osnovna-skola-donja-stubica.hr\/wp\/dogadanja-573\/1679299868899-1\/\" data-orig-file=\"https:\/\/osnovna-skola-donja-stubica.hr\/wp\/wp-content\/uploads\/2023\/03\/1679299868899-1-scaled.jpg\" data-orig-size=\"1928,2560\" data-comments-opened=\"0\" data-image-meta=\"{&quot;aperture&quot;:&quot;0&quot;,&quot;credit&quot;:&quot;&quot;,&quot;camera&quot;:&quot;--&quot;,&quot;caption&quot;:&quot;&quot;,&quot;created_timestamp&quot;:&quot;1679302767&quot;,&quot;copyright&quot;:&quot;&quot;,&quot;focal_length&quot;:&quot;0&quot;,&quot;iso&quot;:&quot;0&quot;,&quot;shutter_speed&quot;:&quot;1&quot;,&quot;title&quot;:&quot;&quot;,&quot;orientation&quot;:&quot;1&quot;}\" data-image-title=\"1679299868899-1\" data-image-description=\"\" data-image-caption=\"\" data-medium-file=\"https:\/\/osnovna-skola-donja-stubica.hr\/wp\/wp-content\/uploads\/2023\/03\/1679299868899-1-226x300.jpg\" data-large-file=\"https:\/\/osnovna-skola-donja-stubica.hr\/wp\/wp-content\/uploads\/2023\/03\/1679299868899-1-771x1024.jpg\" decoding=\"async\" loading=\"lazy\" src=\"https:\/\/osnovna-skola-donja-stubica.hr\/wp\/wp-content\/uploads\/2023\/03\/1679299868899-1-771x1024.jpg\" alt=\"\" class=\"wp-image-7580\" width=\"180\" height=\"239\" srcset=\"https:\/\/osnovna-skola-donja-stubica.hr\/wp\/wp-content\/uploads\/2023\/03\/1679299868899-1-771x1024.jpg 771w, https:\/\/osnovna-skola-donja-stubica.hr\/wp\/wp-content\/uploads\/2023\/03\/1679299868899-1-226x300.jpg 226w, https:\/\/osnovna-skola-donja-stubica.hr\/wp\/wp-content\/uploads\/2023\/03\/1679299868899-1-768x1020.jpg 768w, https:\/\/osnovna-skola-donja-stubica.hr\/wp\/wp-content\/uploads\/2023\/03\/1679299868899-1-1157x1536.jpg 1157w, https:\/\/osnovna-skola-donja-stubica.hr\/wp\/wp-content\/uploads\/2023\/03\/1679299868899-1-1542x2048.jpg 1542w, https:\/\/osnovna-skola-donja-stubica.hr\/wp\/wp-content\/uploads\/2023\/03\/1679299868899-1-scaled.jpg 1928w\" sizes=\"(max-width: 180px) 100vw, 180px\" \/><\/figure><\/div>\n\n\n<p><strong>Slikovnice su u rukama najmla\u0111ih \u010ditatelja, a mi \u010dekamo njihove odgovore i dojmove!<\/strong><\/p>\n\n\n\n<p>U prilogu se nalaze\u00a0<a href=\"https:\/\/photos.app.goo.gl\/m5b4D5JDw5cqofP19\"><strong>fotografije<\/strong><\/a>\u00a0nekoliko slikovnica na\u0161ih u\u010denika!<\/p>\n","protected":false},"excerpt":{"rendered":"<p>Razredni projekt u\u010denika 6.a i b razreda Izrada slikovnica: Gospo\u0111ica Ljubav U\u010denici 6.a i b razreda na satovima Hrvatskoga jezika, uz pomo\u0107 svoje u\u010diteljice Koraljke Parlaj, bavili su se izradom slikovnica kao razrednim projektom zapo\u010detim u velja\u010di, mjesecu ljubavi. Naziv projekta je Gospo\u0111ica Ljubav!<\/p>\n","protected":false},"author":1,"featured_media":0,"comment_status":"closed","ping_status":"open","sticky":false,"template":"","format":"standard","meta":{"footnotes":"","_jetpack_memberships_contains_paid_content":false},"categories":[2],"tags":[],"yoast_head":"<!-- This site is optimized with the Yoast SEO plugin v22.6 - https:\/\/yoast.com\/wordpress\/plugins\/seo\/ -->\n<title>Doga\u0111anja - O\u0160 Donja Stubica<\/title>\n<meta name=\"robots\" content=\"index, follow, max-snippet:-1, max-image-preview:large, max-video-preview:-1\" \/>\n<link rel=\"canonical\" href=\"https:\/\/osnovna-skola-donja-stubica.hr\/wp\/dogadanja-573\/\" \/>\n<meta property=\"og:locale\" content=\"hr_HR\" \/>\n<meta property=\"og:type\" content=\"article\" \/>\n<meta property=\"og:title\" content=\"Doga\u0111anja - O\u0160 Donja Stubica\" \/>\n<meta property=\"og:description\" content=\"Razredni projekt u\u010denika 6.a i b razreda Izrada slikovnica: Gospo\u0111ica Ljubav U\u010denici 6.a i b razreda na satovima Hrvatskoga jezika, uz pomo\u0107 svoje u\u010diteljice Koraljke Parlaj, bavili su se izradom slikovnica kao razrednim projektom zapo\u010detim u velja\u010di, mjesecu ljubavi. Naziv projekta je Gospo\u0111ica Ljubav!\" \/>\n<meta property=\"og:url\" content=\"https:\/\/osnovna-skola-donja-stubica.hr\/wp\/dogadanja-573\/\" \/>\n<meta property=\"og:site_name\" content=\"O\u0160 Donja Stubica\" \/>\n<meta property=\"article:published_time\" content=\"2023-03-21T09:58:13+00:00\" \/>\n<meta property=\"article:modified_time\" content=\"2023-04-21T16:08:59+00:00\" \/>\n<meta property=\"og:image\" content=\"http:\/\/osnovna-skola-donja-stubica.hr\/wp\/wp-content\/uploads\/2023\/03\/1679299868899-771x1024.jpg\" \/>\n<meta name=\"author\" content=\"katarina\" \/>\n<meta name=\"twitter:card\" content=\"summary_large_image\" \/>\n<meta name=\"twitter:label1\" content=\"Napisao\/la\" \/>\n\t<meta name=\"twitter:data1\" content=\"katarina\" \/>\n\t<meta name=\"twitter:label2\" content=\"Procijenjeno vrijeme \u010ditanja\" \/>\n\t<meta name=\"twitter:data2\" content=\"3 minute\" \/>\n<script type=\"application\/ld+json\" class=\"yoast-schema-graph\">{\"@context\":\"https:\/\/schema.org\",\"@graph\":[{\"@type\":\"WebPage\",\"@id\":\"https:\/\/osnovna-skola-donja-stubica.hr\/wp\/dogadanja-573\/\",\"url\":\"https:\/\/osnovna-skola-donja-stubica.hr\/wp\/dogadanja-573\/\",\"name\":\"Doga\u0111anja - O\u0160 Donja Stubica\",\"isPartOf\":{\"@id\":\"https:\/\/osnovna-skola-donja-stubica.hr\/wp\/#website\"},\"primaryImageOfPage\":{\"@id\":\"https:\/\/osnovna-skola-donja-stubica.hr\/wp\/dogadanja-573\/#primaryimage\"},\"image\":{\"@id\":\"https:\/\/osnovna-skola-donja-stubica.hr\/wp\/dogadanja-573\/#primaryimage\"},\"thumbnailUrl\":\"http:\/\/osnovna-skola-donja-stubica.hr\/wp\/wp-content\/uploads\/2023\/03\/1679299868899-771x1024.jpg\",\"datePublished\":\"2023-03-21T09:58:13+00:00\",\"dateModified\":\"2023-04-21T16:08:59+00:00\",\"author\":{\"@id\":\"https:\/\/osnovna-skola-donja-stubica.hr\/wp\/#\/schema\/person\/ac6675b6713bd5450a007bfd80c14590\"},\"breadcrumb\":{\"@id\":\"https:\/\/osnovna-skola-donja-stubica.hr\/wp\/dogadanja-573\/#breadcrumb\"},\"inLanguage\":\"hr\",\"potentialAction\":[{\"@type\":\"ReadAction\",\"target\":[\"https:\/\/osnovna-skola-donja-stubica.hr\/wp\/dogadanja-573\/\"]}]},{\"@type\":\"ImageObject\",\"inLanguage\":\"hr\",\"@id\":\"https:\/\/osnovna-skola-donja-stubica.hr\/wp\/dogadanja-573\/#primaryimage\",\"url\":\"http:\/\/osnovna-skola-donja-stubica.hr\/wp\/wp-content\/uploads\/2023\/03\/1679299868899-771x1024.jpg\",\"contentUrl\":\"http:\/\/osnovna-skola-donja-stubica.hr\/wp\/wp-content\/uploads\/2023\/03\/1679299868899-771x1024.jpg\"},{\"@type\":\"BreadcrumbList\",\"@id\":\"https:\/\/osnovna-skola-donja-stubica.hr\/wp\/dogadanja-573\/#breadcrumb\",\"itemListElement\":[{\"@type\":\"ListItem\",\"position\":1,\"name\":\"Po\u010detna stranica\",\"item\":\"https:\/\/osnovna-skola-donja-stubica.hr\/wp\/\"},{\"@type\":\"ListItem\",\"position\":2,\"name\":\"Doga\u0111anja\"}]},{\"@type\":\"WebSite\",\"@id\":\"https:\/\/osnovna-skola-donja-stubica.hr\/wp\/#website\",\"url\":\"https:\/\/osnovna-skola-donja-stubica.hr\/wp\/\",\"name\":\"O\u0160 Donja Stubica\",\"description\":\"\",\"potentialAction\":[{\"@type\":\"SearchAction\",\"target\":{\"@type\":\"EntryPoint\",\"urlTemplate\":\"https:\/\/osnovna-skola-donja-stubica.hr\/wp\/?s={search_term_string}\"},\"query-input\":\"required name=search_term_string\"}],\"inLanguage\":\"hr\"},{\"@type\":\"Person\",\"@id\":\"https:\/\/osnovna-skola-donja-stubica.hr\/wp\/#\/schema\/person\/ac6675b6713bd5450a007bfd80c14590\",\"name\":\"katarina\",\"image\":{\"@type\":\"ImageObject\",\"inLanguage\":\"hr\",\"@id\":\"https:\/\/osnovna-skola-donja-stubica.hr\/wp\/#\/schema\/person\/image\/\",\"url\":\"https:\/\/secure.gravatar.com\/avatar\/353e8f6e96dd21d0b9287b1cb69bb4db?s=96&d=mm&r=g\",\"contentUrl\":\"https:\/\/secure.gravatar.com\/avatar\/353e8f6e96dd21d0b9287b1cb69bb4db?s=96&d=mm&r=g\",\"caption\":\"katarina\"}}]}<\/script>\n<!-- \/ Yoast SEO plugin. -->","yoast_head_json":{"title":"Doga\u0111anja - O\u0160 Donja Stubica","robots":{"index":"index","follow":"follow","max-snippet":"max-snippet:-1","max-image-preview":"max-image-preview:large","max-video-preview":"max-video-preview:-1"},"canonical":"https:\/\/osnovna-skola-donja-stubica.hr\/wp\/dogadanja-573\/","og_locale":"hr_HR","og_type":"article","og_title":"Doga\u0111anja - O\u0160 Donja Stubica","og_description":"Razredni projekt u\u010denika 6.a i b razreda Izrada slikovnica: Gospo\u0111ica Ljubav U\u010denici 6.a i b razreda na satovima Hrvatskoga jezika, uz pomo\u0107 svoje u\u010diteljice Koraljke Parlaj, bavili su se izradom slikovnica kao razrednim projektom zapo\u010detim u velja\u010di, mjesecu ljubavi. Naziv projekta je Gospo\u0111ica Ljubav!","og_url":"https:\/\/osnovna-skola-donja-stubica.hr\/wp\/dogadanja-573\/","og_site_name":"O\u0160 Donja Stubica","article_published_time":"2023-03-21T09:58:13+00:00","article_modified_time":"2023-04-21T16:08:59+00:00","og_image":[{"url":"http:\/\/osnovna-skola-donja-stubica.hr\/wp\/wp-content\/uploads\/2023\/03\/1679299868899-771x1024.jpg"}],"author":"katarina","twitter_card":"summary_large_image","twitter_misc":{"Napisao\/la":"katarina","Procijenjeno vrijeme \u010ditanja":"3 minute"},"schema":{"@context":"https:\/\/schema.org","@graph":[{"@type":"WebPage","@id":"https:\/\/osnovna-skola-donja-stubica.hr\/wp\/dogadanja-573\/","url":"https:\/\/osnovna-skola-donja-stubica.hr\/wp\/dogadanja-573\/","name":"Doga\u0111anja - O\u0160 Donja Stubica","isPartOf":{"@id":"https:\/\/osnovna-skola-donja-stubica.hr\/wp\/#website"},"primaryImageOfPage":{"@id":"https:\/\/osnovna-skola-donja-stubica.hr\/wp\/dogadanja-573\/#primaryimage"},"image":{"@id":"https:\/\/osnovna-skola-donja-stubica.hr\/wp\/dogadanja-573\/#primaryimage"},"thumbnailUrl":"http:\/\/osnovna-skola-donja-stubica.hr\/wp\/wp-content\/uploads\/2023\/03\/1679299868899-771x1024.jpg","datePublished":"2023-03-21T09:58:13+00:00","dateModified":"2023-04-21T16:08:59+00:00","author":{"@id":"https:\/\/osnovna-skola-donja-stubica.hr\/wp\/#\/schema\/person\/ac6675b6713bd5450a007bfd80c14590"},"breadcrumb":{"@id":"https:\/\/osnovna-skola-donja-stubica.hr\/wp\/dogadanja-573\/#breadcrumb"},"inLanguage":"hr","potentialAction":[{"@type":"ReadAction","target":["https:\/\/osnovna-skola-donja-stubica.hr\/wp\/dogadanja-573\/"]}]},{"@type":"ImageObject","inLanguage":"hr","@id":"https:\/\/osnovna-skola-donja-stubica.hr\/wp\/dogadanja-573\/#primaryimage","url":"http:\/\/osnovna-skola-donja-stubica.hr\/wp\/wp-content\/uploads\/2023\/03\/1679299868899-771x1024.jpg","contentUrl":"http:\/\/osnovna-skola-donja-stubica.hr\/wp\/wp-content\/uploads\/2023\/03\/1679299868899-771x1024.jpg"},{"@type":"BreadcrumbList","@id":"https:\/\/osnovna-skola-donja-stubica.hr\/wp\/dogadanja-573\/#breadcrumb","itemListElement":[{"@type":"ListItem","position":1,"name":"Po\u010detna stranica","item":"https:\/\/osnovna-skola-donja-stubica.hr\/wp\/"},{"@type":"ListItem","position":2,"name":"Doga\u0111anja"}]},{"@type":"WebSite","@id":"https:\/\/osnovna-skola-donja-stubica.hr\/wp\/#website","url":"https:\/\/osnovna-skola-donja-stubica.hr\/wp\/","name":"O\u0160 Donja Stubica","description":"","potentialAction":[{"@type":"SearchAction","target":{"@type":"EntryPoint","urlTemplate":"https:\/\/osnovna-skola-donja-stubica.hr\/wp\/?s={search_term_string}"},"query-input":"required name=search_term_string"}],"inLanguage":"hr"},{"@type":"Person","@id":"https:\/\/osnovna-skola-donja-stubica.hr\/wp\/#\/schema\/person\/ac6675b6713bd5450a007bfd80c14590","name":"katarina","image":{"@type":"ImageObject","inLanguage":"hr","@id":"https:\/\/osnovna-skola-donja-stubica.hr\/wp\/#\/schema\/person\/image\/","url":"https:\/\/secure.gravatar.com\/avatar\/353e8f6e96dd21d0b9287b1cb69bb4db?s=96&d=mm&r=g","contentUrl":"https:\/\/secure.gravatar.com\/avatar\/353e8f6e96dd21d0b9287b1cb69bb4db?s=96&d=mm&r=g","caption":"katarina"}}]}},"jetpack_featured_media_url":"","jetpack_sharing_enabled":true,"jetpack-related-posts":[],"jetpack_shortlink":"https:\/\/wp.me\/p7YpPR-1Yd","_links":{"self":[{"href":"https:\/\/osnovna-skola-donja-stubica.hr\/wp\/wp-json\/wp\/v2\/posts\/7577"}],"collection":[{"href":"https:\/\/osnovna-skola-donja-stubica.hr\/wp\/wp-json\/wp\/v2\/posts"}],"about":[{"href":"https:\/\/osnovna-skola-donja-stubica.hr\/wp\/wp-json\/wp\/v2\/types\/post"}],"author":[{"embeddable":true,"href":"https:\/\/osnovna-skola-donja-stubica.hr\/wp\/wp-json\/wp\/v2\/users\/1"}],"replies":[{"embeddable":true,"href":"https:\/\/osnovna-skola-donja-stubica.hr\/wp\/wp-json\/wp\/v2\/comments?post=7577"}],"version-history":[{"count":3,"href":"https:\/\/osnovna-skola-donja-stubica.hr\/wp\/wp-json\/wp\/v2\/posts\/7577\/revisions"}],"predecessor-version":[{"id":7853,"href":"https:\/\/osnovna-skola-donja-stubica.hr\/wp\/wp-json\/wp\/v2\/posts\/7577\/revisions\/7853"}],"wp:attachment":[{"href":"https:\/\/osnovna-skola-donja-stubica.hr\/wp\/wp-json\/wp\/v2\/media?parent=7577"}],"wp:term":[{"taxonomy":"category","embeddable":true,"href":"https:\/\/osnovna-skola-donja-stubica.hr\/wp\/wp-json\/wp\/v2\/categories?post=7577"},{"taxonomy":"post_tag","embeddable":true,"href":"https:\/\/osnovna-skola-donja-stubica.hr\/wp\/wp-json\/wp\/v2\/tags?post=7577"}],"curies":[{"name":"wp","href":"https:\/\/api.w.org\/{rel}","templated":true}]}}