{"id":794,"date":"2016-12-15T18:21:55","date_gmt":"2016-12-15T17:21:55","guid":{"rendered":"http:\/\/osnovna-skola-donja-stubica.hr\/?p=794"},"modified":"2016-12-19T09:26:12","modified_gmt":"2016-12-19T08:26:12","slug":"dogadanja-19","status":"publish","type":"post","link":"https:\/\/osnovna-skola-donja-stubica.hr\/wp\/dogadanja-19\/","title":{"rendered":"Doga\u0111anja"},"content":{"rendered":"<h1>Zagreba\u010dko kazali\u0161te lutaka \u2013 predstava Snje\u017ena kraljica<\/h1>\n<p>&nbsp;<\/p>\n<p><span style=\"color: #99cc00;\"><img data-attachment-id=\"824\" data-permalink=\"https:\/\/osnovna-skola-donja-stubica.hr\/wp\/dogadanja-19\/dav-2\/\" data-orig-file=\"https:\/\/osnovna-skola-donja-stubica.hr\/wp\/wp-content\/uploads\/2016\/12\/IMG_20161218_170658-1.jpg\" data-orig-size=\"4160,3120\" data-comments-opened=\"0\" data-image-meta=\"{&quot;aperture&quot;:&quot;2&quot;,&quot;credit&quot;:&quot;&quot;,&quot;camera&quot;:&quot;HUAWEI VNS-L21&quot;,&quot;caption&quot;:&quot;dav&quot;,&quot;created_timestamp&quot;:&quot;1482080819&quot;,&quot;copyright&quot;:&quot;&quot;,&quot;focal_length&quot;:&quot;3.79&quot;,&quot;iso&quot;:&quot;320&quot;,&quot;shutter_speed&quot;:&quot;0.04&quot;,&quot;title&quot;:&quot;dav&quot;,&quot;orientation&quot;:&quot;0&quot;}\" data-image-title=\"\" data-image-description=\"\" data-image-caption=\"\" data-medium-file=\"https:\/\/osnovna-skola-donja-stubica.hr\/wp\/wp-content\/uploads\/2016\/12\/IMG_20161218_170658-1-300x225.jpg\" data-large-file=\"https:\/\/osnovna-skola-donja-stubica.hr\/wp\/wp-content\/uploads\/2016\/12\/IMG_20161218_170658-1-1024x768.jpg\" decoding=\"async\" loading=\"lazy\" class=\"alignleft wp-image-824 size-medium\" src=\"https:\/\/osnovna-skola-donja-stubica.hr\/wp\/wp-content\/uploads\/2016\/12\/IMG_20161218_170658-1-300x225.jpg\" width=\"300\" height=\"225\" srcset=\"https:\/\/osnovna-skola-donja-stubica.hr\/wp\/wp-content\/uploads\/2016\/12\/IMG_20161218_170658-1-300x225.jpg 300w, https:\/\/osnovna-skola-donja-stubica.hr\/wp\/wp-content\/uploads\/2016\/12\/IMG_20161218_170658-1-768x576.jpg 768w, https:\/\/osnovna-skola-donja-stubica.hr\/wp\/wp-content\/uploads\/2016\/12\/IMG_20161218_170658-1-1024x768.jpg 1024w\" sizes=\"(max-width: 300px) 100vw, 300px\" \/><\/span><\/p>\n<p><span style=\"color: #99cc00;\">Po\u010detkom prosinca ove godine odr\u017eana je premijera lutkarske predstave <em>Snje\u017ena kraljica<\/em> u Zagreba\u010dkom kazali\u0161tu lutaka. U\u010denici drugih razreda na\u0161e \u0161kole predstavu su pogledali 13. prosinca.<\/span> Prekrasna Andersenova bajka predo\u010dena je djeci u zanimljivoj i dinami\u010dnoj igri lutaka koje su ih odu\u0161evile pokretom, govorom, pjesmom i plesom.\u00a0<!--more--><\/p>\n<p>Osim izvrsne igre lutaka, pozornost djece zaokupila je sama scena koja se dinami\u010dno mijenjala prikazuju\u0107i u jednom trenu grad, ve\u0107 u drugom\u00a0 ledeno kraljevstvo ili \u010detiri godi\u0161nja doba u svim dijelovima dana. U\u010denici su dru\u017eenje s likovima nastavili u radionici gdje su pod stru\u010dnim vodstvom Ive Marjanovi\u0107 izra\u0111ivali lutke Snje\u017ene kraljice, Gerde i Kaja.<\/p>\n<p>Spoznali smo svi zajedno:<\/p>\n<p><em>Pri\u010da je to o odrastanju i prihva\u0107anju da u \u017eivotu jedino mijena stalna jest, mladost prolazi, ali prolazi i duga zima nakon koje \u0107e nezaustavljivo granuti prolje\u0107e.<\/em> (Petra Mrdulja\u0161)<\/p>\n<p style=\"text-align: right;\">S.\u0160.Borov\u010dak<\/p>\n","protected":false},"excerpt":{"rendered":"<p>Zagreba\u010dko kazali\u0161te lutaka \u2013 predstava Snje\u017ena kraljica &nbsp; Po\u010detkom prosinca ove godine odr\u017eana je premijera lutkarske predstave Snje\u017ena kraljica u Zagreba\u010dkom kazali\u0161tu lutaka. U\u010denici drugih razreda na\u0161e \u0161kole predstavu su pogledali 13. prosinca. Prekrasna Andersenova bajka predo\u010dena je djeci u zanimljivoj i dinami\u010dnoj igri lutaka koje su ih odu\u0161evile pokretom, govorom, pjesmom i plesom.\u00a0<\/p>\n","protected":false},"author":1,"featured_media":0,"comment_status":"closed","ping_status":"open","sticky":false,"template":"","format":"standard","meta":{"footnotes":"","_jetpack_memberships_contains_paid_content":false},"categories":[2],"tags":[22],"yoast_head":"<!-- This site is optimized with the Yoast SEO plugin v22.6 - https:\/\/yoast.com\/wordpress\/plugins\/seo\/ -->\n<title>Doga\u0111anja - O\u0160 Donja Stubica<\/title>\n<meta name=\"robots\" content=\"index, follow, max-snippet:-1, max-image-preview:large, max-video-preview:-1\" \/>\n<link rel=\"canonical\" href=\"https:\/\/osnovna-skola-donja-stubica.hr\/wp\/dogadanja-19\/\" \/>\n<meta property=\"og:locale\" content=\"hr_HR\" \/>\n<meta property=\"og:type\" content=\"article\" \/>\n<meta property=\"og:title\" content=\"Doga\u0111anja - O\u0160 Donja Stubica\" \/>\n<meta property=\"og:description\" content=\"Zagreba\u010dko kazali\u0161te lutaka \u2013 predstava Snje\u017ena kraljica &nbsp; Po\u010detkom prosinca ove godine odr\u017eana je premijera lutkarske predstave Snje\u017ena kraljica u Zagreba\u010dkom kazali\u0161tu lutaka. U\u010denici drugih razreda na\u0161e \u0161kole predstavu su pogledali 13. prosinca. Prekrasna Andersenova bajka predo\u010dena je djeci u zanimljivoj i dinami\u010dnoj igri lutaka koje su ih odu\u0161evile pokretom, govorom, pjesmom i plesom.\u00a0\" \/>\n<meta property=\"og:url\" content=\"https:\/\/osnovna-skola-donja-stubica.hr\/wp\/dogadanja-19\/\" \/>\n<meta property=\"og:site_name\" content=\"O\u0160 Donja Stubica\" \/>\n<meta property=\"article:published_time\" content=\"2016-12-15T17:21:55+00:00\" \/>\n<meta property=\"article:modified_time\" content=\"2016-12-19T08:26:12+00:00\" \/>\n<meta property=\"og:image\" content=\"http:\/\/osnovna-skola-donja-stubica.hr\/wp\/wp-content\/uploads\/2016\/12\/IMG_20161218_170658-1-300x225.jpg\" \/>\n<meta name=\"author\" content=\"katarina\" \/>\n<meta name=\"twitter:card\" content=\"summary_large_image\" \/>\n<meta name=\"twitter:label1\" content=\"Napisao\/la\" \/>\n\t<meta name=\"twitter:data1\" content=\"katarina\" \/>\n\t<meta name=\"twitter:label2\" content=\"Procijenjeno vrijeme \u010ditanja\" \/>\n\t<meta name=\"twitter:data2\" content=\"1 minuta\" \/>\n<script type=\"application\/ld+json\" class=\"yoast-schema-graph\">{\"@context\":\"https:\/\/schema.org\",\"@graph\":[{\"@type\":\"WebPage\",\"@id\":\"https:\/\/osnovna-skola-donja-stubica.hr\/wp\/dogadanja-19\/\",\"url\":\"https:\/\/osnovna-skola-donja-stubica.hr\/wp\/dogadanja-19\/\",\"name\":\"Doga\u0111anja - O\u0160 Donja Stubica\",\"isPartOf\":{\"@id\":\"https:\/\/osnovna-skola-donja-stubica.hr\/wp\/#website\"},\"primaryImageOfPage\":{\"@id\":\"https:\/\/osnovna-skola-donja-stubica.hr\/wp\/dogadanja-19\/#primaryimage\"},\"image\":{\"@id\":\"https:\/\/osnovna-skola-donja-stubica.hr\/wp\/dogadanja-19\/#primaryimage\"},\"thumbnailUrl\":\"http:\/\/osnovna-skola-donja-stubica.hr\/wp\/wp-content\/uploads\/2016\/12\/IMG_20161218_170658-1-300x225.jpg\",\"datePublished\":\"2016-12-15T17:21:55+00:00\",\"dateModified\":\"2016-12-19T08:26:12+00:00\",\"author\":{\"@id\":\"https:\/\/osnovna-skola-donja-stubica.hr\/wp\/#\/schema\/person\/ac6675b6713bd5450a007bfd80c14590\"},\"breadcrumb\":{\"@id\":\"https:\/\/osnovna-skola-donja-stubica.hr\/wp\/dogadanja-19\/#breadcrumb\"},\"inLanguage\":\"hr\",\"potentialAction\":[{\"@type\":\"ReadAction\",\"target\":[\"https:\/\/osnovna-skola-donja-stubica.hr\/wp\/dogadanja-19\/\"]}]},{\"@type\":\"ImageObject\",\"inLanguage\":\"hr\",\"@id\":\"https:\/\/osnovna-skola-donja-stubica.hr\/wp\/dogadanja-19\/#primaryimage\",\"url\":\"http:\/\/osnovna-skola-donja-stubica.hr\/wp\/wp-content\/uploads\/2016\/12\/IMG_20161218_170658-1-300x225.jpg\",\"contentUrl\":\"http:\/\/osnovna-skola-donja-stubica.hr\/wp\/wp-content\/uploads\/2016\/12\/IMG_20161218_170658-1-300x225.jpg\"},{\"@type\":\"BreadcrumbList\",\"@id\":\"https:\/\/osnovna-skola-donja-stubica.hr\/wp\/dogadanja-19\/#breadcrumb\",\"itemListElement\":[{\"@type\":\"ListItem\",\"position\":1,\"name\":\"Po\u010detna stranica\",\"item\":\"https:\/\/osnovna-skola-donja-stubica.hr\/wp\/\"},{\"@type\":\"ListItem\",\"position\":2,\"name\":\"Doga\u0111anja\"}]},{\"@type\":\"WebSite\",\"@id\":\"https:\/\/osnovna-skola-donja-stubica.hr\/wp\/#website\",\"url\":\"https:\/\/osnovna-skola-donja-stubica.hr\/wp\/\",\"name\":\"O\u0160 Donja Stubica\",\"description\":\"\",\"potentialAction\":[{\"@type\":\"SearchAction\",\"target\":{\"@type\":\"EntryPoint\",\"urlTemplate\":\"https:\/\/osnovna-skola-donja-stubica.hr\/wp\/?s={search_term_string}\"},\"query-input\":\"required name=search_term_string\"}],\"inLanguage\":\"hr\"},{\"@type\":\"Person\",\"@id\":\"https:\/\/osnovna-skola-donja-stubica.hr\/wp\/#\/schema\/person\/ac6675b6713bd5450a007bfd80c14590\",\"name\":\"katarina\",\"image\":{\"@type\":\"ImageObject\",\"inLanguage\":\"hr\",\"@id\":\"https:\/\/osnovna-skola-donja-stubica.hr\/wp\/#\/schema\/person\/image\/\",\"url\":\"https:\/\/secure.gravatar.com\/avatar\/353e8f6e96dd21d0b9287b1cb69bb4db?s=96&d=mm&r=g\",\"contentUrl\":\"https:\/\/secure.gravatar.com\/avatar\/353e8f6e96dd21d0b9287b1cb69bb4db?s=96&d=mm&r=g\",\"caption\":\"katarina\"}}]}<\/script>\n<!-- \/ Yoast SEO plugin. -->","yoast_head_json":{"title":"Doga\u0111anja - O\u0160 Donja Stubica","robots":{"index":"index","follow":"follow","max-snippet":"max-snippet:-1","max-image-preview":"max-image-preview:large","max-video-preview":"max-video-preview:-1"},"canonical":"https:\/\/osnovna-skola-donja-stubica.hr\/wp\/dogadanja-19\/","og_locale":"hr_HR","og_type":"article","og_title":"Doga\u0111anja - O\u0160 Donja Stubica","og_description":"Zagreba\u010dko kazali\u0161te lutaka \u2013 predstava Snje\u017ena kraljica &nbsp; Po\u010detkom prosinca ove godine odr\u017eana je premijera lutkarske predstave Snje\u017ena kraljica u Zagreba\u010dkom kazali\u0161tu lutaka. U\u010denici drugih razreda na\u0161e \u0161kole predstavu su pogledali 13. prosinca. Prekrasna Andersenova bajka predo\u010dena je djeci u zanimljivoj i dinami\u010dnoj igri lutaka koje su ih odu\u0161evile pokretom, govorom, pjesmom i plesom.\u00a0","og_url":"https:\/\/osnovna-skola-donja-stubica.hr\/wp\/dogadanja-19\/","og_site_name":"O\u0160 Donja Stubica","article_published_time":"2016-12-15T17:21:55+00:00","article_modified_time":"2016-12-19T08:26:12+00:00","og_image":[{"url":"http:\/\/osnovna-skola-donja-stubica.hr\/wp\/wp-content\/uploads\/2016\/12\/IMG_20161218_170658-1-300x225.jpg"}],"author":"katarina","twitter_card":"summary_large_image","twitter_misc":{"Napisao\/la":"katarina","Procijenjeno vrijeme \u010ditanja":"1 minuta"},"schema":{"@context":"https:\/\/schema.org","@graph":[{"@type":"WebPage","@id":"https:\/\/osnovna-skola-donja-stubica.hr\/wp\/dogadanja-19\/","url":"https:\/\/osnovna-skola-donja-stubica.hr\/wp\/dogadanja-19\/","name":"Doga\u0111anja - O\u0160 Donja Stubica","isPartOf":{"@id":"https:\/\/osnovna-skola-donja-stubica.hr\/wp\/#website"},"primaryImageOfPage":{"@id":"https:\/\/osnovna-skola-donja-stubica.hr\/wp\/dogadanja-19\/#primaryimage"},"image":{"@id":"https:\/\/osnovna-skola-donja-stubica.hr\/wp\/dogadanja-19\/#primaryimage"},"thumbnailUrl":"http:\/\/osnovna-skola-donja-stubica.hr\/wp\/wp-content\/uploads\/2016\/12\/IMG_20161218_170658-1-300x225.jpg","datePublished":"2016-12-15T17:21:55+00:00","dateModified":"2016-12-19T08:26:12+00:00","author":{"@id":"https:\/\/osnovna-skola-donja-stubica.hr\/wp\/#\/schema\/person\/ac6675b6713bd5450a007bfd80c14590"},"breadcrumb":{"@id":"https:\/\/osnovna-skola-donja-stubica.hr\/wp\/dogadanja-19\/#breadcrumb"},"inLanguage":"hr","potentialAction":[{"@type":"ReadAction","target":["https:\/\/osnovna-skola-donja-stubica.hr\/wp\/dogadanja-19\/"]}]},{"@type":"ImageObject","inLanguage":"hr","@id":"https:\/\/osnovna-skola-donja-stubica.hr\/wp\/dogadanja-19\/#primaryimage","url":"http:\/\/osnovna-skola-donja-stubica.hr\/wp\/wp-content\/uploads\/2016\/12\/IMG_20161218_170658-1-300x225.jpg","contentUrl":"http:\/\/osnovna-skola-donja-stubica.hr\/wp\/wp-content\/uploads\/2016\/12\/IMG_20161218_170658-1-300x225.jpg"},{"@type":"BreadcrumbList","@id":"https:\/\/osnovna-skola-donja-stubica.hr\/wp\/dogadanja-19\/#breadcrumb","itemListElement":[{"@type":"ListItem","position":1,"name":"Po\u010detna stranica","item":"https:\/\/osnovna-skola-donja-stubica.hr\/wp\/"},{"@type":"ListItem","position":2,"name":"Doga\u0111anja"}]},{"@type":"WebSite","@id":"https:\/\/osnovna-skola-donja-stubica.hr\/wp\/#website","url":"https:\/\/osnovna-skola-donja-stubica.hr\/wp\/","name":"O\u0160 Donja Stubica","description":"","potentialAction":[{"@type":"SearchAction","target":{"@type":"EntryPoint","urlTemplate":"https:\/\/osnovna-skola-donja-stubica.hr\/wp\/?s={search_term_string}"},"query-input":"required name=search_term_string"}],"inLanguage":"hr"},{"@type":"Person","@id":"https:\/\/osnovna-skola-donja-stubica.hr\/wp\/#\/schema\/person\/ac6675b6713bd5450a007bfd80c14590","name":"katarina","image":{"@type":"ImageObject","inLanguage":"hr","@id":"https:\/\/osnovna-skola-donja-stubica.hr\/wp\/#\/schema\/person\/image\/","url":"https:\/\/secure.gravatar.com\/avatar\/353e8f6e96dd21d0b9287b1cb69bb4db?s=96&d=mm&r=g","contentUrl":"https:\/\/secure.gravatar.com\/avatar\/353e8f6e96dd21d0b9287b1cb69bb4db?s=96&d=mm&r=g","caption":"katarina"}}]}},"jetpack_featured_media_url":"","jetpack_sharing_enabled":true,"jetpack-related-posts":[],"jetpack_shortlink":"https:\/\/wp.me\/p7YpPR-cO","_links":{"self":[{"href":"https:\/\/osnovna-skola-donja-stubica.hr\/wp\/wp-json\/wp\/v2\/posts\/794"}],"collection":[{"href":"https:\/\/osnovna-skola-donja-stubica.hr\/wp\/wp-json\/wp\/v2\/posts"}],"about":[{"href":"https:\/\/osnovna-skola-donja-stubica.hr\/wp\/wp-json\/wp\/v2\/types\/post"}],"author":[{"embeddable":true,"href":"https:\/\/osnovna-skola-donja-stubica.hr\/wp\/wp-json\/wp\/v2\/users\/1"}],"replies":[{"embeddable":true,"href":"https:\/\/osnovna-skola-donja-stubica.hr\/wp\/wp-json\/wp\/v2\/comments?post=794"}],"version-history":[{"count":3,"href":"https:\/\/osnovna-skola-donja-stubica.hr\/wp\/wp-json\/wp\/v2\/posts\/794\/revisions"}],"predecessor-version":[{"id":826,"href":"https:\/\/osnovna-skola-donja-stubica.hr\/wp\/wp-json\/wp\/v2\/posts\/794\/revisions\/826"}],"wp:attachment":[{"href":"https:\/\/osnovna-skola-donja-stubica.hr\/wp\/wp-json\/wp\/v2\/media?parent=794"}],"wp:term":[{"taxonomy":"category","embeddable":true,"href":"https:\/\/osnovna-skola-donja-stubica.hr\/wp\/wp-json\/wp\/v2\/categories?post=794"},{"taxonomy":"post_tag","embeddable":true,"href":"https:\/\/osnovna-skola-donja-stubica.hr\/wp\/wp-json\/wp\/v2\/tags?post=794"}],"curies":[{"name":"wp","href":"https:\/\/api.w.org\/{rel}","templated":true}]}}