{"id":801,"date":"2016-12-16T13:13:37","date_gmt":"2016-12-16T12:13:37","guid":{"rendered":"http:\/\/osnovna-skola-donja-stubica.hr\/?p=801"},"modified":"2016-12-16T13:14:12","modified_gmt":"2016-12-16T12:14:12","slug":"obavijest","status":"publish","type":"post","link":"https:\/\/osnovna-skola-donja-stubica.hr\/wp\/obavijest\/","title":{"rendered":"Obavijest"},"content":{"rendered":"<h1>Odluka<\/h1>\n<h2>o nenastavnim danima<\/h2>\n<p>Na temelju \u010dlanka 118. stavak 2. Zakona o odgoju i obrazovanju u osnovnoj i srednjoj \u0161koli (\u201cNarodne novine\u201d broj 87\/08., 86\/09., 92\/10., 105\/10., 90\/11., 16\/12., 86\/12., 126\/12., 94\/13., 152\/14.) i \u010dlanka 60. Statuta Osnovne \u0161kole Donja Stubica na sjednici odr\u017eanoj 15. prosinca 2016. godine \u0160kolski odbor Osnovne \u0161kole Donja Stubica uz preporuku Ministarstva znanosti i obrazovanja donio je\u00a0<strong>Odluku o nenastavnim danima<\/strong>.<\/p>\n<h4>Dani 12. i 13. sije\u010dnja 2017. godine bit \u0107e nenastavni dani.<\/h4>\n<p>Nastava u drugom polugodi\u0161tu po\u010dinje <strong>16. sije\u010dnja<\/strong> 2017. godine.<\/p>\n<p>Preuzmi:\u00a0<a href=\"https:\/\/osnovna-skola-donja-stubica.hr\/wp\/wp-content\/uploads\/2016\/12\/Odluka-o-nenastavnim-danima.docx\">Odluka o nenastavnim danima u cijelosti<\/a><\/p>\n","protected":false},"excerpt":{"rendered":"<p>Odluka o nenastavnim danima Na temelju \u010dlanka 118. stavak 2. Zakona o odgoju i obrazovanju u osnovnoj i srednjoj \u0161koli (\u201cNarodne novine\u201d broj 87\/08., 86\/09., 92\/10., 105\/10., 90\/11., 16\/12., 86\/12., 126\/12., 94\/13., 152\/14.) i \u010dlanka 60. Statuta Osnovne \u0161kole Donja Stubica na sjednici odr\u017eanoj 15. prosinca 2016. godine \u0160kolski odbor Osnovne \u0161kole Donja Stubica uz [&hellip;]<\/p>\n","protected":false},"author":2,"featured_media":0,"comment_status":"closed","ping_status":"open","sticky":false,"template":"","format":"standard","meta":{"footnotes":"","_jetpack_memberships_contains_paid_content":false},"categories":[24,7],"tags":[23],"yoast_head":"<!-- This site is optimized with the Yoast SEO plugin v22.6 - https:\/\/yoast.com\/wordpress\/plugins\/seo\/ -->\n<title>Obavijest - O\u0160 Donja Stubica<\/title>\n<meta name=\"description\" content=\"Obavijest - Odluka o nenastavnim danima\" \/>\n<meta name=\"robots\" content=\"index, follow, max-snippet:-1, max-image-preview:large, max-video-preview:-1\" \/>\n<link rel=\"canonical\" href=\"https:\/\/osnovna-skola-donja-stubica.hr\/wp\/obavijest\/\" \/>\n<meta property=\"og:locale\" content=\"hr_HR\" \/>\n<meta property=\"og:type\" content=\"article\" \/>\n<meta property=\"og:title\" content=\"Obavijest - O\u0160 Donja Stubica\" \/>\n<meta property=\"og:description\" content=\"Obavijest - Odluka o nenastavnim danima\" \/>\n<meta property=\"og:url\" content=\"https:\/\/osnovna-skola-donja-stubica.hr\/wp\/obavijest\/\" \/>\n<meta property=\"og:site_name\" content=\"O\u0160 Donja Stubica\" \/>\n<meta property=\"article:published_time\" content=\"2016-12-16T12:13:37+00:00\" \/>\n<meta property=\"article:modified_time\" content=\"2016-12-16T12:14:12+00:00\" \/>\n<meta name=\"author\" content=\"nikola\" \/>\n<meta name=\"twitter:card\" content=\"summary_large_image\" \/>\n<meta name=\"twitter:label1\" content=\"Napisao\/la\" \/>\n\t<meta name=\"twitter:data1\" content=\"nikola\" \/>\n<script type=\"application\/ld+json\" class=\"yoast-schema-graph\">{\"@context\":\"https:\/\/schema.org\",\"@graph\":[{\"@type\":\"WebPage\",\"@id\":\"https:\/\/osnovna-skola-donja-stubica.hr\/wp\/obavijest\/\",\"url\":\"https:\/\/osnovna-skola-donja-stubica.hr\/wp\/obavijest\/\",\"name\":\"Obavijest - O\u0160 Donja Stubica\",\"isPartOf\":{\"@id\":\"https:\/\/osnovna-skola-donja-stubica.hr\/wp\/#website\"},\"datePublished\":\"2016-12-16T12:13:37+00:00\",\"dateModified\":\"2016-12-16T12:14:12+00:00\",\"author\":{\"@id\":\"https:\/\/osnovna-skola-donja-stubica.hr\/wp\/#\/schema\/person\/5ad865aacbeaddcb6e33e58cddf1bda9\"},\"description\":\"Obavijest - Odluka o nenastavnim danima\",\"breadcrumb\":{\"@id\":\"https:\/\/osnovna-skola-donja-stubica.hr\/wp\/obavijest\/#breadcrumb\"},\"inLanguage\":\"hr\",\"potentialAction\":[{\"@type\":\"ReadAction\",\"target\":[\"https:\/\/osnovna-skola-donja-stubica.hr\/wp\/obavijest\/\"]}]},{\"@type\":\"BreadcrumbList\",\"@id\":\"https:\/\/osnovna-skola-donja-stubica.hr\/wp\/obavijest\/#breadcrumb\",\"itemListElement\":[{\"@type\":\"ListItem\",\"position\":1,\"name\":\"Po\u010detna stranica\",\"item\":\"https:\/\/osnovna-skola-donja-stubica.hr\/wp\/\"},{\"@type\":\"ListItem\",\"position\":2,\"name\":\"Obavijest\"}]},{\"@type\":\"WebSite\",\"@id\":\"https:\/\/osnovna-skola-donja-stubica.hr\/wp\/#website\",\"url\":\"https:\/\/osnovna-skola-donja-stubica.hr\/wp\/\",\"name\":\"O\u0160 Donja Stubica\",\"description\":\"\",\"potentialAction\":[{\"@type\":\"SearchAction\",\"target\":{\"@type\":\"EntryPoint\",\"urlTemplate\":\"https:\/\/osnovna-skola-donja-stubica.hr\/wp\/?s={search_term_string}\"},\"query-input\":\"required name=search_term_string\"}],\"inLanguage\":\"hr\"},{\"@type\":\"Person\",\"@id\":\"https:\/\/osnovna-skola-donja-stubica.hr\/wp\/#\/schema\/person\/5ad865aacbeaddcb6e33e58cddf1bda9\",\"name\":\"nikola\",\"image\":{\"@type\":\"ImageObject\",\"inLanguage\":\"hr\",\"@id\":\"https:\/\/osnovna-skola-donja-stubica.hr\/wp\/#\/schema\/person\/image\/\",\"url\":\"https:\/\/secure.gravatar.com\/avatar\/ff6be33b6d6c4b5468e2d0782604d647?s=96&d=mm&r=g\",\"contentUrl\":\"https:\/\/secure.gravatar.com\/avatar\/ff6be33b6d6c4b5468e2d0782604d647?s=96&d=mm&r=g\",\"caption\":\"nikola\"}}]}<\/script>\n<!-- \/ Yoast SEO plugin. -->","yoast_head_json":{"title":"Obavijest - O\u0160 Donja Stubica","description":"Obavijest - Odluka o nenastavnim danima","robots":{"index":"index","follow":"follow","max-snippet":"max-snippet:-1","max-image-preview":"max-image-preview:large","max-video-preview":"max-video-preview:-1"},"canonical":"https:\/\/osnovna-skola-donja-stubica.hr\/wp\/obavijest\/","og_locale":"hr_HR","og_type":"article","og_title":"Obavijest - O\u0160 Donja Stubica","og_description":"Obavijest - Odluka o nenastavnim danima","og_url":"https:\/\/osnovna-skola-donja-stubica.hr\/wp\/obavijest\/","og_site_name":"O\u0160 Donja Stubica","article_published_time":"2016-12-16T12:13:37+00:00","article_modified_time":"2016-12-16T12:14:12+00:00","author":"nikola","twitter_card":"summary_large_image","twitter_misc":{"Napisao\/la":"nikola"},"schema":{"@context":"https:\/\/schema.org","@graph":[{"@type":"WebPage","@id":"https:\/\/osnovna-skola-donja-stubica.hr\/wp\/obavijest\/","url":"https:\/\/osnovna-skola-donja-stubica.hr\/wp\/obavijest\/","name":"Obavijest - O\u0160 Donja Stubica","isPartOf":{"@id":"https:\/\/osnovna-skola-donja-stubica.hr\/wp\/#website"},"datePublished":"2016-12-16T12:13:37+00:00","dateModified":"2016-12-16T12:14:12+00:00","author":{"@id":"https:\/\/osnovna-skola-donja-stubica.hr\/wp\/#\/schema\/person\/5ad865aacbeaddcb6e33e58cddf1bda9"},"description":"Obavijest - Odluka o nenastavnim danima","breadcrumb":{"@id":"https:\/\/osnovna-skola-donja-stubica.hr\/wp\/obavijest\/#breadcrumb"},"inLanguage":"hr","potentialAction":[{"@type":"ReadAction","target":["https:\/\/osnovna-skola-donja-stubica.hr\/wp\/obavijest\/"]}]},{"@type":"BreadcrumbList","@id":"https:\/\/osnovna-skola-donja-stubica.hr\/wp\/obavijest\/#breadcrumb","itemListElement":[{"@type":"ListItem","position":1,"name":"Po\u010detna stranica","item":"https:\/\/osnovna-skola-donja-stubica.hr\/wp\/"},{"@type":"ListItem","position":2,"name":"Obavijest"}]},{"@type":"WebSite","@id":"https:\/\/osnovna-skola-donja-stubica.hr\/wp\/#website","url":"https:\/\/osnovna-skola-donja-stubica.hr\/wp\/","name":"O\u0160 Donja Stubica","description":"","potentialAction":[{"@type":"SearchAction","target":{"@type":"EntryPoint","urlTemplate":"https:\/\/osnovna-skola-donja-stubica.hr\/wp\/?s={search_term_string}"},"query-input":"required name=search_term_string"}],"inLanguage":"hr"},{"@type":"Person","@id":"https:\/\/osnovna-skola-donja-stubica.hr\/wp\/#\/schema\/person\/5ad865aacbeaddcb6e33e58cddf1bda9","name":"nikola","image":{"@type":"ImageObject","inLanguage":"hr","@id":"https:\/\/osnovna-skola-donja-stubica.hr\/wp\/#\/schema\/person\/image\/","url":"https:\/\/secure.gravatar.com\/avatar\/ff6be33b6d6c4b5468e2d0782604d647?s=96&d=mm&r=g","contentUrl":"https:\/\/secure.gravatar.com\/avatar\/ff6be33b6d6c4b5468e2d0782604d647?s=96&d=mm&r=g","caption":"nikola"}}]}},"jetpack_featured_media_url":"","jetpack_sharing_enabled":true,"jetpack-related-posts":[],"jetpack_shortlink":"https:\/\/wp.me\/p7YpPR-cV","_links":{"self":[{"href":"https:\/\/osnovna-skola-donja-stubica.hr\/wp\/wp-json\/wp\/v2\/posts\/801"}],"collection":[{"href":"https:\/\/osnovna-skola-donja-stubica.hr\/wp\/wp-json\/wp\/v2\/posts"}],"about":[{"href":"https:\/\/osnovna-skola-donja-stubica.hr\/wp\/wp-json\/wp\/v2\/types\/post"}],"author":[{"embeddable":true,"href":"https:\/\/osnovna-skola-donja-stubica.hr\/wp\/wp-json\/wp\/v2\/users\/2"}],"replies":[{"embeddable":true,"href":"https:\/\/osnovna-skola-donja-stubica.hr\/wp\/wp-json\/wp\/v2\/comments?post=801"}],"version-history":[{"count":2,"href":"https:\/\/osnovna-skola-donja-stubica.hr\/wp\/wp-json\/wp\/v2\/posts\/801\/revisions"}],"predecessor-version":[{"id":803,"href":"https:\/\/osnovna-skola-donja-stubica.hr\/wp\/wp-json\/wp\/v2\/posts\/801\/revisions\/803"}],"wp:attachment":[{"href":"https:\/\/osnovna-skola-donja-stubica.hr\/wp\/wp-json\/wp\/v2\/media?parent=801"}],"wp:term":[{"taxonomy":"category","embeddable":true,"href":"https:\/\/osnovna-skola-donja-stubica.hr\/wp\/wp-json\/wp\/v2\/categories?post=801"},{"taxonomy":"post_tag","embeddable":true,"href":"https:\/\/osnovna-skola-donja-stubica.hr\/wp\/wp-json\/wp\/v2\/tags?post=801"}],"curies":[{"name":"wp","href":"https:\/\/api.w.org\/{rel}","templated":true}]}}