{"id":8290,"date":"2023-06-06T13:47:42","date_gmt":"2023-06-06T11:47:42","guid":{"rendered":"https:\/\/osnovna-skola-donja-stubica.hr\/wp\/?p=8290"},"modified":"2023-06-06T13:47:46","modified_gmt":"2023-06-06T11:47:46","slug":"dogadanja-617","status":"publish","type":"post","link":"https:\/\/osnovna-skola-donja-stubica.hr\/wp\/dogadanja-617\/","title":{"rendered":"Doga\u0111anja"},"content":{"rendered":"\n<figure class=\"wp-block-image size-full is-resized\"><img data-attachment-id=\"8291\" data-permalink=\"https:\/\/osnovna-skola-donja-stubica.hr\/wp\/dogadanja-617\/20230602_110544\/\" data-orig-file=\"https:\/\/osnovna-skola-donja-stubica.hr\/wp\/wp-content\/uploads\/2023\/06\/20230602_110544-scaled.jpg\" data-orig-size=\"2560,1920\" data-comments-opened=\"0\" data-image-meta=\"{&quot;aperture&quot;:&quot;2&quot;,&quot;credit&quot;:&quot;&quot;,&quot;camera&quot;:&quot;SM-A515F&quot;,&quot;caption&quot;:&quot;&quot;,&quot;created_timestamp&quot;:&quot;1685703944&quot;,&quot;copyright&quot;:&quot;&quot;,&quot;focal_length&quot;:&quot;4.6&quot;,&quot;iso&quot;:&quot;32&quot;,&quot;shutter_speed&quot;:&quot;0.00087412587412587&quot;,&quot;title&quot;:&quot;&quot;,&quot;orientation&quot;:&quot;1&quot;}\" data-image-title=\"20230602_110544\" data-image-description=\"\" data-image-caption=\"\" data-medium-file=\"https:\/\/osnovna-skola-donja-stubica.hr\/wp\/wp-content\/uploads\/2023\/06\/20230602_110544-300x225.jpg\" data-large-file=\"https:\/\/osnovna-skola-donja-stubica.hr\/wp\/wp-content\/uploads\/2023\/06\/20230602_110544-1024x768.jpg\" decoding=\"async\" loading=\"lazy\" src=\"https:\/\/osnovna-skola-donja-stubica.hr\/wp\/wp-content\/uploads\/2023\/06\/20230602_110544-scaled.jpg\" alt=\"\" class=\"wp-image-8291\" width=\"289\" height=\"217\" srcset=\"https:\/\/osnovna-skola-donja-stubica.hr\/wp\/wp-content\/uploads\/2023\/06\/20230602_110544-scaled.jpg 2560w, https:\/\/osnovna-skola-donja-stubica.hr\/wp\/wp-content\/uploads\/2023\/06\/20230602_110544-300x225.jpg 300w, https:\/\/osnovna-skola-donja-stubica.hr\/wp\/wp-content\/uploads\/2023\/06\/20230602_110544-1024x768.jpg 1024w, https:\/\/osnovna-skola-donja-stubica.hr\/wp\/wp-content\/uploads\/2023\/06\/20230602_110544-768x576.jpg 768w, https:\/\/osnovna-skola-donja-stubica.hr\/wp\/wp-content\/uploads\/2023\/06\/20230602_110544-1536x1152.jpg 1536w, https:\/\/osnovna-skola-donja-stubica.hr\/wp\/wp-content\/uploads\/2023\/06\/20230602_110544-2048x1536.jpg 2048w\" sizes=\"(max-width: 289px) 100vw, 289px\" \/><\/figure>\n\n\n\n<h2 class=\"wp-block-heading\">Edukativno pje\u0161a\u010denje za djecu<\/h2>\n\n\n\n<h4 class=\"wp-block-heading\">Dana 2. lipnja odr\u017eano je Edukativno pje\u0161a\u010denje za djecu na podru\u010dju Krapinsko-zagorske \u017eupanije. Iz na\u0161e \u0161kole sudjelovali su sljede\u0107i u\u010denici: Karla Gospo\u010di\u0107, Marija Papi\u0107, Martin Kuljak i Patrik Petri\u0161ko. Pratnja u\u010denicima bila je pedagoginja Manda Pozai\u0107.<\/h4>\n\n\n\n<p>Edukativno pje\u0161a\u010denje organizira se povodom Svjetskog dana nepu\u0161enja (31. svibnja) i Me\u0111unarodnog dana borbe protiv zlouporabe opojnih droga i nezakonitog prometa drogama (26. lipnja). Cilj manifestacije je promicanje zdravih stilova \u017eivota kao jednog od u\u010dinkovitih na\u010dina prevencije rizi\u010dnih pona\u0161anja i svih oblika ovisnosti kod djece i mladih.<\/p>\n\n\n\n<p>Kako je bilo na\u0161im u\u010denicima, mo\u017eete pro\u010ditati u nastavku.<\/p>\n\n\n\n<!--more-->\n\n\n\n<p><em>Po\u010detna to\u010dka na\u0161eg pje\u0161a\u010denja bila je centar Zaboka, a glavni cilj bila je Planinarska ku\u0107a Picelj. Put je bio lagan s nekoliko ve\u0107ih uzbrdica. Uz nekoliko kra\u0107ih stajanja i jednog malo du\u017eeg kod Lova\u010dkog doma Tr\u010dka, sretni smo stigli do cilja. Kod Planinarske ku\u0107e Picelj do\u010dekali su nas sendvi\u010di, voda i jabuke. U podno\u017eju Planinarske ku\u0107e Picelj nalazi se Botani\u010dka zbirka Pou\u010dni park Picelj s bogatom florom koju smo sa zanimanjem prou\u010dili te u njoj potra\u017eili zaklon od sunca. Povratak u centar Zaboka pro\u0161ao je jo\u0161 br\u017ee nego uspon.<\/em><\/p>\n\n\n\n<p><em>Za kraj vru\u0107eg i zanimljivog dana, po\u010dastili smo se sladoledom te sretni oti\u0161li svojim ku\u0107ama, s nadom da \u0107e se ovakva manifestacija ubrzo ponoviti.<\/em><\/p>\n\n\n\n<figure class=\"wp-block-gallery has-nested-images columns-3 is-cropped wp-block-gallery-1 is-layout-flex wp-block-gallery-is-layout-flex\">\n<figure class=\"wp-block-image size-full\"><img data-attachment-id=\"8294\" data-permalink=\"https:\/\/osnovna-skola-donja-stubica.hr\/wp\/dogadanja-617\/20230602_085347\/\" data-orig-file=\"https:\/\/osnovna-skola-donja-stubica.hr\/wp\/wp-content\/uploads\/2023\/06\/20230602_085347-scaled.jpg\" data-orig-size=\"2560,1920\" data-comments-opened=\"0\" data-image-meta=\"{&quot;aperture&quot;:&quot;2&quot;,&quot;credit&quot;:&quot;&quot;,&quot;camera&quot;:&quot;SM-A515F&quot;,&quot;caption&quot;:&quot;&quot;,&quot;created_timestamp&quot;:&quot;1685696028&quot;,&quot;copyright&quot;:&quot;&quot;,&quot;focal_length&quot;:&quot;4.6&quot;,&quot;iso&quot;:&quot;32&quot;,&quot;shutter_speed&quot;:&quot;0.00067385444743935&quot;,&quot;title&quot;:&quot;&quot;,&quot;orientation&quot;:&quot;1&quot;}\" data-image-title=\"20230602_085347\" data-image-description=\"\" data-image-caption=\"\" data-medium-file=\"https:\/\/osnovna-skola-donja-stubica.hr\/wp\/wp-content\/uploads\/2023\/06\/20230602_085347-300x225.jpg\" data-large-file=\"https:\/\/osnovna-skola-donja-stubica.hr\/wp\/wp-content\/uploads\/2023\/06\/20230602_085347-1024x768.jpg\" decoding=\"async\" loading=\"lazy\" width=\"2560\" height=\"1920\" data-id=\"8294\" src=\"https:\/\/osnovna-skola-donja-stubica.hr\/wp\/wp-content\/uploads\/2023\/06\/20230602_085347-scaled.jpg\" alt=\"\" class=\"wp-image-8294\" srcset=\"https:\/\/osnovna-skola-donja-stubica.hr\/wp\/wp-content\/uploads\/2023\/06\/20230602_085347-scaled.jpg 2560w, https:\/\/osnovna-skola-donja-stubica.hr\/wp\/wp-content\/uploads\/2023\/06\/20230602_085347-300x225.jpg 300w, https:\/\/osnovna-skola-donja-stubica.hr\/wp\/wp-content\/uploads\/2023\/06\/20230602_085347-1024x768.jpg 1024w, https:\/\/osnovna-skola-donja-stubica.hr\/wp\/wp-content\/uploads\/2023\/06\/20230602_085347-768x576.jpg 768w, https:\/\/osnovna-skola-donja-stubica.hr\/wp\/wp-content\/uploads\/2023\/06\/20230602_085347-1536x1152.jpg 1536w, https:\/\/osnovna-skola-donja-stubica.hr\/wp\/wp-content\/uploads\/2023\/06\/20230602_085347-2048x1536.jpg 2048w\" sizes=\"(max-width: 2560px) 100vw, 2560px\" \/><\/figure>\n\n\n\n<figure class=\"wp-block-image size-full\"><img data-attachment-id=\"8292\" data-permalink=\"https:\/\/osnovna-skola-donja-stubica.hr\/wp\/dogadanja-617\/20230602_103722\/\" data-orig-file=\"https:\/\/osnovna-skola-donja-stubica.hr\/wp\/wp-content\/uploads\/2023\/06\/20230602_103722-scaled.jpg\" data-orig-size=\"1920,2560\" data-comments-opened=\"0\" data-image-meta=\"{&quot;aperture&quot;:&quot;2&quot;,&quot;credit&quot;:&quot;&quot;,&quot;camera&quot;:&quot;SM-A515F&quot;,&quot;caption&quot;:&quot;&quot;,&quot;created_timestamp&quot;:&quot;1685702242&quot;,&quot;copyright&quot;:&quot;&quot;,&quot;focal_length&quot;:&quot;4.6&quot;,&quot;iso&quot;:&quot;40&quot;,&quot;shutter_speed&quot;:&quot;0.01&quot;,&quot;title&quot;:&quot;&quot;,&quot;orientation&quot;:&quot;1&quot;}\" data-image-title=\"20230602_103722\" data-image-description=\"\" data-image-caption=\"\" data-medium-file=\"https:\/\/osnovna-skola-donja-stubica.hr\/wp\/wp-content\/uploads\/2023\/06\/20230602_103722-225x300.jpg\" data-large-file=\"https:\/\/osnovna-skola-donja-stubica.hr\/wp\/wp-content\/uploads\/2023\/06\/20230602_103722-768x1024.jpg\" decoding=\"async\" loading=\"lazy\" width=\"1920\" height=\"2560\" data-id=\"8292\" src=\"https:\/\/osnovna-skola-donja-stubica.hr\/wp\/wp-content\/uploads\/2023\/06\/20230602_103722-scaled.jpg\" alt=\"\" class=\"wp-image-8292\" srcset=\"https:\/\/osnovna-skola-donja-stubica.hr\/wp\/wp-content\/uploads\/2023\/06\/20230602_103722-scaled.jpg 1920w, https:\/\/osnovna-skola-donja-stubica.hr\/wp\/wp-content\/uploads\/2023\/06\/20230602_103722-225x300.jpg 225w, https:\/\/osnovna-skola-donja-stubica.hr\/wp\/wp-content\/uploads\/2023\/06\/20230602_103722-768x1024.jpg 768w, https:\/\/osnovna-skola-donja-stubica.hr\/wp\/wp-content\/uploads\/2023\/06\/20230602_103722-1152x1536.jpg 1152w, https:\/\/osnovna-skola-donja-stubica.hr\/wp\/wp-content\/uploads\/2023\/06\/20230602_103722-1536x2048.jpg 1536w\" sizes=\"(max-width: 1920px) 100vw, 1920px\" \/><\/figure>\n\n\n\n<figure class=\"wp-block-image size-full\"><img data-attachment-id=\"8295\" data-permalink=\"https:\/\/osnovna-skola-donja-stubica.hr\/wp\/dogadanja-617\/20230602_101928\/\" data-orig-file=\"https:\/\/osnovna-skola-donja-stubica.hr\/wp\/wp-content\/uploads\/2023\/06\/20230602_101928-scaled.jpg\" data-orig-size=\"2560,1920\" data-comments-opened=\"0\" data-image-meta=\"{&quot;aperture&quot;:&quot;2.2&quot;,&quot;credit&quot;:&quot;&quot;,&quot;camera&quot;:&quot;SM-A515F&quot;,&quot;caption&quot;:&quot;&quot;,&quot;created_timestamp&quot;:&quot;1685701168&quot;,&quot;copyright&quot;:&quot;&quot;,&quot;focal_length&quot;:&quot;1.74&quot;,&quot;iso&quot;:&quot;40&quot;,&quot;shutter_speed&quot;:&quot;0.0036630036630037&quot;,&quot;title&quot;:&quot;&quot;,&quot;orientation&quot;:&quot;1&quot;}\" data-image-title=\"20230602_101928\" data-image-description=\"\" data-image-caption=\"\" data-medium-file=\"https:\/\/osnovna-skola-donja-stubica.hr\/wp\/wp-content\/uploads\/2023\/06\/20230602_101928-300x225.jpg\" data-large-file=\"https:\/\/osnovna-skola-donja-stubica.hr\/wp\/wp-content\/uploads\/2023\/06\/20230602_101928-1024x768.jpg\" decoding=\"async\" loading=\"lazy\" width=\"2560\" height=\"1920\" data-id=\"8295\" src=\"https:\/\/osnovna-skola-donja-stubica.hr\/wp\/wp-content\/uploads\/2023\/06\/20230602_101928-scaled.jpg\" alt=\"\" class=\"wp-image-8295\" srcset=\"https:\/\/osnovna-skola-donja-stubica.hr\/wp\/wp-content\/uploads\/2023\/06\/20230602_101928-scaled.jpg 2560w, https:\/\/osnovna-skola-donja-stubica.hr\/wp\/wp-content\/uploads\/2023\/06\/20230602_101928-300x225.jpg 300w, https:\/\/osnovna-skola-donja-stubica.hr\/wp\/wp-content\/uploads\/2023\/06\/20230602_101928-1024x768.jpg 1024w, https:\/\/osnovna-skola-donja-stubica.hr\/wp\/wp-content\/uploads\/2023\/06\/20230602_101928-768x576.jpg 768w, https:\/\/osnovna-skola-donja-stubica.hr\/wp\/wp-content\/uploads\/2023\/06\/20230602_101928-1536x1152.jpg 1536w, https:\/\/osnovna-skola-donja-stubica.hr\/wp\/wp-content\/uploads\/2023\/06\/20230602_101928-2048x1536.jpg 2048w\" sizes=\"(max-width: 2560px) 100vw, 2560px\" \/><\/figure>\n\n\n\n<figure class=\"wp-block-image size-full\"><img data-attachment-id=\"8296\" data-permalink=\"https:\/\/osnovna-skola-donja-stubica.hr\/wp\/dogadanja-617\/20230602_110616\/\" data-orig-file=\"https:\/\/osnovna-skola-donja-stubica.hr\/wp\/wp-content\/uploads\/2023\/06\/20230602_110616-scaled.jpg\" data-orig-size=\"2560,1920\" data-comments-opened=\"0\" data-image-meta=\"{&quot;aperture&quot;:&quot;2&quot;,&quot;credit&quot;:&quot;&quot;,&quot;camera&quot;:&quot;SM-A515F&quot;,&quot;caption&quot;:&quot;&quot;,&quot;created_timestamp&quot;:&quot;1685703977&quot;,&quot;copyright&quot;:&quot;&quot;,&quot;focal_length&quot;:&quot;4.6&quot;,&quot;iso&quot;:&quot;32&quot;,&quot;shutter_speed&quot;:&quot;0.00086505190311419&quot;,&quot;title&quot;:&quot;&quot;,&quot;orientation&quot;:&quot;1&quot;}\" data-image-title=\"20230602_110616\" data-image-description=\"\" data-image-caption=\"\" data-medium-file=\"https:\/\/osnovna-skola-donja-stubica.hr\/wp\/wp-content\/uploads\/2023\/06\/20230602_110616-300x225.jpg\" data-large-file=\"https:\/\/osnovna-skola-donja-stubica.hr\/wp\/wp-content\/uploads\/2023\/06\/20230602_110616-1024x768.jpg\" decoding=\"async\" loading=\"lazy\" width=\"2560\" height=\"1920\" data-id=\"8296\" src=\"https:\/\/osnovna-skola-donja-stubica.hr\/wp\/wp-content\/uploads\/2023\/06\/20230602_110616-scaled.jpg\" alt=\"\" class=\"wp-image-8296\" srcset=\"https:\/\/osnovna-skola-donja-stubica.hr\/wp\/wp-content\/uploads\/2023\/06\/20230602_110616-scaled.jpg 2560w, https:\/\/osnovna-skola-donja-stubica.hr\/wp\/wp-content\/uploads\/2023\/06\/20230602_110616-300x225.jpg 300w, https:\/\/osnovna-skola-donja-stubica.hr\/wp\/wp-content\/uploads\/2023\/06\/20230602_110616-1024x768.jpg 1024w, https:\/\/osnovna-skola-donja-stubica.hr\/wp\/wp-content\/uploads\/2023\/06\/20230602_110616-768x576.jpg 768w, https:\/\/osnovna-skola-donja-stubica.hr\/wp\/wp-content\/uploads\/2023\/06\/20230602_110616-1536x1152.jpg 1536w, https:\/\/osnovna-skola-donja-stubica.hr\/wp\/wp-content\/uploads\/2023\/06\/20230602_110616-2048x1536.jpg 2048w\" sizes=\"(max-width: 2560px) 100vw, 2560px\" \/><\/figure>\n\n\n\n<figure class=\"wp-block-image size-full\"><img data-attachment-id=\"8293\" data-permalink=\"https:\/\/osnovna-skola-donja-stubica.hr\/wp\/dogadanja-617\/20230602_135004\/\" data-orig-file=\"https:\/\/osnovna-skola-donja-stubica.hr\/wp\/wp-content\/uploads\/2023\/06\/20230602_135004-scaled.jpg\" data-orig-size=\"2560,1920\" data-comments-opened=\"0\" data-image-meta=\"{&quot;aperture&quot;:&quot;2.2&quot;,&quot;credit&quot;:&quot;&quot;,&quot;camera&quot;:&quot;SM-A515F&quot;,&quot;caption&quot;:&quot;&quot;,&quot;created_timestamp&quot;:&quot;1685713805&quot;,&quot;copyright&quot;:&quot;&quot;,&quot;focal_length&quot;:&quot;1.74&quot;,&quot;iso&quot;:&quot;50&quot;,&quot;shutter_speed&quot;:&quot;0.01&quot;,&quot;title&quot;:&quot;&quot;,&quot;orientation&quot;:&quot;1&quot;}\" data-image-title=\"20230602_135004\" data-image-description=\"\" data-image-caption=\"\" data-medium-file=\"https:\/\/osnovna-skola-donja-stubica.hr\/wp\/wp-content\/uploads\/2023\/06\/20230602_135004-300x225.jpg\" data-large-file=\"https:\/\/osnovna-skola-donja-stubica.hr\/wp\/wp-content\/uploads\/2023\/06\/20230602_135004-1024x768.jpg\" decoding=\"async\" loading=\"lazy\" width=\"2560\" height=\"1920\" data-id=\"8293\" src=\"https:\/\/osnovna-skola-donja-stubica.hr\/wp\/wp-content\/uploads\/2023\/06\/20230602_135004-scaled.jpg\" alt=\"\" class=\"wp-image-8293\" srcset=\"https:\/\/osnovna-skola-donja-stubica.hr\/wp\/wp-content\/uploads\/2023\/06\/20230602_135004-scaled.jpg 2560w, https:\/\/osnovna-skola-donja-stubica.hr\/wp\/wp-content\/uploads\/2023\/06\/20230602_135004-300x225.jpg 300w, https:\/\/osnovna-skola-donja-stubica.hr\/wp\/wp-content\/uploads\/2023\/06\/20230602_135004-1024x768.jpg 1024w, https:\/\/osnovna-skola-donja-stubica.hr\/wp\/wp-content\/uploads\/2023\/06\/20230602_135004-768x576.jpg 768w, https:\/\/osnovna-skola-donja-stubica.hr\/wp\/wp-content\/uploads\/2023\/06\/20230602_135004-1536x1152.jpg 1536w, https:\/\/osnovna-skola-donja-stubica.hr\/wp\/wp-content\/uploads\/2023\/06\/20230602_135004-2048x1536.jpg 2048w\" sizes=\"(max-width: 2560px) 100vw, 2560px\" \/><\/figure>\n<\/figure>\n","protected":false},"excerpt":{"rendered":"<p>Edukativno pje\u0161a\u010denje za djecu Dana 2. lipnja odr\u017eano je Edukativno pje\u0161a\u010denje za djecu na podru\u010dju Krapinsko-zagorske \u017eupanije. Iz na\u0161e \u0161kole sudjelovali su sljede\u0107i u\u010denici: Karla Gospo\u010di\u0107, Marija Papi\u0107, Martin Kuljak i Patrik Petri\u0161ko. Pratnja u\u010denicima bila je pedagoginja Manda Pozai\u0107. Edukativno pje\u0161a\u010denje organizira se povodom Svjetskog dana nepu\u0161enja (31. svibnja) i Me\u0111unarodnog dana borbe protiv [&hellip;]<\/p>\n","protected":false},"author":4,"featured_media":0,"comment_status":"closed","ping_status":"open","sticky":false,"template":"","format":"standard","meta":{"footnotes":"","_jetpack_memberships_contains_paid_content":false},"categories":[2],"tags":[],"yoast_head":"<!-- This site is optimized with the Yoast SEO plugin v22.6 - https:\/\/yoast.com\/wordpress\/plugins\/seo\/ -->\n<title>Doga\u0111anja - O\u0160 Donja Stubica<\/title>\n<meta name=\"robots\" content=\"index, follow, max-snippet:-1, max-image-preview:large, max-video-preview:-1\" \/>\n<link rel=\"canonical\" href=\"https:\/\/osnovna-skola-donja-stubica.hr\/wp\/dogadanja-617\/\" \/>\n<meta property=\"og:locale\" content=\"hr_HR\" \/>\n<meta property=\"og:type\" content=\"article\" \/>\n<meta property=\"og:title\" content=\"Doga\u0111anja - O\u0160 Donja Stubica\" \/>\n<meta property=\"og:description\" content=\"Edukativno pje\u0161a\u010denje za djecu Dana 2. lipnja odr\u017eano je Edukativno pje\u0161a\u010denje za djecu na podru\u010dju Krapinsko-zagorske \u017eupanije. Iz na\u0161e \u0161kole sudjelovali su sljede\u0107i u\u010denici: Karla Gospo\u010di\u0107, Marija Papi\u0107, Martin Kuljak i Patrik Petri\u0161ko. Pratnja u\u010denicima bila je pedagoginja Manda Pozai\u0107. Edukativno pje\u0161a\u010denje organizira se povodom Svjetskog dana nepu\u0161enja (31. svibnja) i Me\u0111unarodnog dana borbe protiv [&hellip;]\" \/>\n<meta property=\"og:url\" content=\"https:\/\/osnovna-skola-donja-stubica.hr\/wp\/dogadanja-617\/\" \/>\n<meta property=\"og:site_name\" content=\"O\u0160 Donja Stubica\" \/>\n<meta property=\"article:published_time\" content=\"2023-06-06T11:47:42+00:00\" \/>\n<meta property=\"article:modified_time\" content=\"2023-06-06T11:47:46+00:00\" \/>\n<meta property=\"og:image\" content=\"https:\/\/osnovna-skola-donja-stubica.hr\/wp\/wp-content\/uploads\/2023\/06\/20230602_110544-scaled.jpg\" \/>\n<meta name=\"author\" content=\"manda\" \/>\n<meta name=\"twitter:card\" content=\"summary_large_image\" \/>\n<meta name=\"twitter:label1\" content=\"Napisao\/la\" \/>\n\t<meta name=\"twitter:data1\" content=\"manda\" \/>\n\t<meta name=\"twitter:label2\" content=\"Procijenjeno vrijeme \u010ditanja\" \/>\n\t<meta name=\"twitter:data2\" content=\"3 minute\" \/>\n<script type=\"application\/ld+json\" class=\"yoast-schema-graph\">{\"@context\":\"https:\/\/schema.org\",\"@graph\":[{\"@type\":\"WebPage\",\"@id\":\"https:\/\/osnovna-skola-donja-stubica.hr\/wp\/dogadanja-617\/\",\"url\":\"https:\/\/osnovna-skola-donja-stubica.hr\/wp\/dogadanja-617\/\",\"name\":\"Doga\u0111anja - O\u0160 Donja Stubica\",\"isPartOf\":{\"@id\":\"https:\/\/osnovna-skola-donja-stubica.hr\/wp\/#website\"},\"primaryImageOfPage\":{\"@id\":\"https:\/\/osnovna-skola-donja-stubica.hr\/wp\/dogadanja-617\/#primaryimage\"},\"image\":{\"@id\":\"https:\/\/osnovna-skola-donja-stubica.hr\/wp\/dogadanja-617\/#primaryimage\"},\"thumbnailUrl\":\"https:\/\/osnovna-skola-donja-stubica.hr\/wp\/wp-content\/uploads\/2023\/06\/20230602_110544-scaled.jpg\",\"datePublished\":\"2023-06-06T11:47:42+00:00\",\"dateModified\":\"2023-06-06T11:47:46+00:00\",\"author\":{\"@id\":\"https:\/\/osnovna-skola-donja-stubica.hr\/wp\/#\/schema\/person\/a7a4d6f273cf19e7d01df9f64d3452e3\"},\"breadcrumb\":{\"@id\":\"https:\/\/osnovna-skola-donja-stubica.hr\/wp\/dogadanja-617\/#breadcrumb\"},\"inLanguage\":\"hr\",\"potentialAction\":[{\"@type\":\"ReadAction\",\"target\":[\"https:\/\/osnovna-skola-donja-stubica.hr\/wp\/dogadanja-617\/\"]}]},{\"@type\":\"ImageObject\",\"inLanguage\":\"hr\",\"@id\":\"https:\/\/osnovna-skola-donja-stubica.hr\/wp\/dogadanja-617\/#primaryimage\",\"url\":\"https:\/\/osnovna-skola-donja-stubica.hr\/wp\/wp-content\/uploads\/2023\/06\/20230602_110544-scaled.jpg\",\"contentUrl\":\"https:\/\/osnovna-skola-donja-stubica.hr\/wp\/wp-content\/uploads\/2023\/06\/20230602_110544-scaled.jpg\",\"width\":2560,\"height\":1920},{\"@type\":\"BreadcrumbList\",\"@id\":\"https:\/\/osnovna-skola-donja-stubica.hr\/wp\/dogadanja-617\/#breadcrumb\",\"itemListElement\":[{\"@type\":\"ListItem\",\"position\":1,\"name\":\"Po\u010detna stranica\",\"item\":\"https:\/\/osnovna-skola-donja-stubica.hr\/wp\/\"},{\"@type\":\"ListItem\",\"position\":2,\"name\":\"Doga\u0111anja\"}]},{\"@type\":\"WebSite\",\"@id\":\"https:\/\/osnovna-skola-donja-stubica.hr\/wp\/#website\",\"url\":\"https:\/\/osnovna-skola-donja-stubica.hr\/wp\/\",\"name\":\"O\u0160 Donja Stubica\",\"description\":\"\",\"potentialAction\":[{\"@type\":\"SearchAction\",\"target\":{\"@type\":\"EntryPoint\",\"urlTemplate\":\"https:\/\/osnovna-skola-donja-stubica.hr\/wp\/?s={search_term_string}\"},\"query-input\":\"required name=search_term_string\"}],\"inLanguage\":\"hr\"},{\"@type\":\"Person\",\"@id\":\"https:\/\/osnovna-skola-donja-stubica.hr\/wp\/#\/schema\/person\/a7a4d6f273cf19e7d01df9f64d3452e3\",\"name\":\"manda\",\"image\":{\"@type\":\"ImageObject\",\"inLanguage\":\"hr\",\"@id\":\"https:\/\/osnovna-skola-donja-stubica.hr\/wp\/#\/schema\/person\/image\/\",\"url\":\"https:\/\/secure.gravatar.com\/avatar\/3310965ab1fce53ef05acd887a75d776?s=96&d=mm&r=g\",\"contentUrl\":\"https:\/\/secure.gravatar.com\/avatar\/3310965ab1fce53ef05acd887a75d776?s=96&d=mm&r=g\",\"caption\":\"manda\"}}]}<\/script>\n<!-- \/ Yoast SEO plugin. -->","yoast_head_json":{"title":"Doga\u0111anja - O\u0160 Donja Stubica","robots":{"index":"index","follow":"follow","max-snippet":"max-snippet:-1","max-image-preview":"max-image-preview:large","max-video-preview":"max-video-preview:-1"},"canonical":"https:\/\/osnovna-skola-donja-stubica.hr\/wp\/dogadanja-617\/","og_locale":"hr_HR","og_type":"article","og_title":"Doga\u0111anja - O\u0160 Donja Stubica","og_description":"Edukativno pje\u0161a\u010denje za djecu Dana 2. lipnja odr\u017eano je Edukativno pje\u0161a\u010denje za djecu na podru\u010dju Krapinsko-zagorske \u017eupanije. Iz na\u0161e \u0161kole sudjelovali su sljede\u0107i u\u010denici: Karla Gospo\u010di\u0107, Marija Papi\u0107, Martin Kuljak i Patrik Petri\u0161ko. Pratnja u\u010denicima bila je pedagoginja Manda Pozai\u0107. Edukativno pje\u0161a\u010denje organizira se povodom Svjetskog dana nepu\u0161enja (31. svibnja) i Me\u0111unarodnog dana borbe protiv [&hellip;]","og_url":"https:\/\/osnovna-skola-donja-stubica.hr\/wp\/dogadanja-617\/","og_site_name":"O\u0160 Donja Stubica","article_published_time":"2023-06-06T11:47:42+00:00","article_modified_time":"2023-06-06T11:47:46+00:00","og_image":[{"url":"https:\/\/osnovna-skola-donja-stubica.hr\/wp\/wp-content\/uploads\/2023\/06\/20230602_110544-scaled.jpg"}],"author":"manda","twitter_card":"summary_large_image","twitter_misc":{"Napisao\/la":"manda","Procijenjeno vrijeme \u010ditanja":"3 minute"},"schema":{"@context":"https:\/\/schema.org","@graph":[{"@type":"WebPage","@id":"https:\/\/osnovna-skola-donja-stubica.hr\/wp\/dogadanja-617\/","url":"https:\/\/osnovna-skola-donja-stubica.hr\/wp\/dogadanja-617\/","name":"Doga\u0111anja - O\u0160 Donja Stubica","isPartOf":{"@id":"https:\/\/osnovna-skola-donja-stubica.hr\/wp\/#website"},"primaryImageOfPage":{"@id":"https:\/\/osnovna-skola-donja-stubica.hr\/wp\/dogadanja-617\/#primaryimage"},"image":{"@id":"https:\/\/osnovna-skola-donja-stubica.hr\/wp\/dogadanja-617\/#primaryimage"},"thumbnailUrl":"https:\/\/osnovna-skola-donja-stubica.hr\/wp\/wp-content\/uploads\/2023\/06\/20230602_110544-scaled.jpg","datePublished":"2023-06-06T11:47:42+00:00","dateModified":"2023-06-06T11:47:46+00:00","author":{"@id":"https:\/\/osnovna-skola-donja-stubica.hr\/wp\/#\/schema\/person\/a7a4d6f273cf19e7d01df9f64d3452e3"},"breadcrumb":{"@id":"https:\/\/osnovna-skola-donja-stubica.hr\/wp\/dogadanja-617\/#breadcrumb"},"inLanguage":"hr","potentialAction":[{"@type":"ReadAction","target":["https:\/\/osnovna-skola-donja-stubica.hr\/wp\/dogadanja-617\/"]}]},{"@type":"ImageObject","inLanguage":"hr","@id":"https:\/\/osnovna-skola-donja-stubica.hr\/wp\/dogadanja-617\/#primaryimage","url":"https:\/\/osnovna-skola-donja-stubica.hr\/wp\/wp-content\/uploads\/2023\/06\/20230602_110544-scaled.jpg","contentUrl":"https:\/\/osnovna-skola-donja-stubica.hr\/wp\/wp-content\/uploads\/2023\/06\/20230602_110544-scaled.jpg","width":2560,"height":1920},{"@type":"BreadcrumbList","@id":"https:\/\/osnovna-skola-donja-stubica.hr\/wp\/dogadanja-617\/#breadcrumb","itemListElement":[{"@type":"ListItem","position":1,"name":"Po\u010detna stranica","item":"https:\/\/osnovna-skola-donja-stubica.hr\/wp\/"},{"@type":"ListItem","position":2,"name":"Doga\u0111anja"}]},{"@type":"WebSite","@id":"https:\/\/osnovna-skola-donja-stubica.hr\/wp\/#website","url":"https:\/\/osnovna-skola-donja-stubica.hr\/wp\/","name":"O\u0160 Donja Stubica","description":"","potentialAction":[{"@type":"SearchAction","target":{"@type":"EntryPoint","urlTemplate":"https:\/\/osnovna-skola-donja-stubica.hr\/wp\/?s={search_term_string}"},"query-input":"required name=search_term_string"}],"inLanguage":"hr"},{"@type":"Person","@id":"https:\/\/osnovna-skola-donja-stubica.hr\/wp\/#\/schema\/person\/a7a4d6f273cf19e7d01df9f64d3452e3","name":"manda","image":{"@type":"ImageObject","inLanguage":"hr","@id":"https:\/\/osnovna-skola-donja-stubica.hr\/wp\/#\/schema\/person\/image\/","url":"https:\/\/secure.gravatar.com\/avatar\/3310965ab1fce53ef05acd887a75d776?s=96&d=mm&r=g","contentUrl":"https:\/\/secure.gravatar.com\/avatar\/3310965ab1fce53ef05acd887a75d776?s=96&d=mm&r=g","caption":"manda"}}]}},"jetpack_featured_media_url":"","jetpack_sharing_enabled":true,"jetpack-related-posts":[],"jetpack_shortlink":"https:\/\/wp.me\/p7YpPR-29I","_links":{"self":[{"href":"https:\/\/osnovna-skola-donja-stubica.hr\/wp\/wp-json\/wp\/v2\/posts\/8290"}],"collection":[{"href":"https:\/\/osnovna-skola-donja-stubica.hr\/wp\/wp-json\/wp\/v2\/posts"}],"about":[{"href":"https:\/\/osnovna-skola-donja-stubica.hr\/wp\/wp-json\/wp\/v2\/types\/post"}],"author":[{"embeddable":true,"href":"https:\/\/osnovna-skola-donja-stubica.hr\/wp\/wp-json\/wp\/v2\/users\/4"}],"replies":[{"embeddable":true,"href":"https:\/\/osnovna-skola-donja-stubica.hr\/wp\/wp-json\/wp\/v2\/comments?post=8290"}],"version-history":[{"count":1,"href":"https:\/\/osnovna-skola-donja-stubica.hr\/wp\/wp-json\/wp\/v2\/posts\/8290\/revisions"}],"predecessor-version":[{"id":8297,"href":"https:\/\/osnovna-skola-donja-stubica.hr\/wp\/wp-json\/wp\/v2\/posts\/8290\/revisions\/8297"}],"wp:attachment":[{"href":"https:\/\/osnovna-skola-donja-stubica.hr\/wp\/wp-json\/wp\/v2\/media?parent=8290"}],"wp:term":[{"taxonomy":"category","embeddable":true,"href":"https:\/\/osnovna-skola-donja-stubica.hr\/wp\/wp-json\/wp\/v2\/categories?post=8290"},{"taxonomy":"post_tag","embeddable":true,"href":"https:\/\/osnovna-skola-donja-stubica.hr\/wp\/wp-json\/wp\/v2\/tags?post=8290"}],"curies":[{"name":"wp","href":"https:\/\/api.w.org\/{rel}","templated":true}]}}