{"id":8844,"date":"2023-10-19T10:05:59","date_gmt":"2023-10-19T08:05:59","guid":{"rendered":"https:\/\/osnovna-skola-donja-stubica.hr\/wp\/?p=8844"},"modified":"2023-10-19T10:08:14","modified_gmt":"2023-10-19T08:08:14","slug":"natjecaj-8","status":"publish","type":"post","link":"https:\/\/osnovna-skola-donja-stubica.hr\/wp\/natjecaj-8\/","title":{"rendered":"Natje\u010daj"},"content":{"rendered":"\n<h2 class=\"wp-block-heading\">Natje\u010daj za zapo\u0161ljavanje osoba za obavljanje poslova pomo\u0107nika u nastavi<\/h2>\n\n\n\n<p><strong>Preuzmi<\/strong>&nbsp;<strong>NATJE\u010cAJ<\/strong>&nbsp;<strong>za zapo\u0161ljavanje osoba za obavljanje poslova pomo\u0107nika u nastavi za u\u010denike s te\u0161ko\u0107ama u razvoju tijekom nastavne godine 2023.\/2024.:<\/strong><\/p>\n\n\n\n<div class=\"wp-block-file\"><a id=\"wp-block-file--media-aa73e488-3b5f-4c65-a0e7-1c2a13df3a25\" href=\"https:\/\/osnovna-skola-donja-stubica.hr\/wp\/wp-content\/uploads\/2023\/10\/Natjecaj-za-zaposljavanje-pomocnika-ce-u-nastavi-25-sati-mimo-projekta-drugi.doc\">Natje\u010daj za zapo\u0161ljavanje pomo\u0107nika\/ce u nastavi<\/a><\/div>\n","protected":false},"excerpt":{"rendered":"<p>Natje\u010daj za zapo\u0161ljavanje osoba za obavljanje poslova pomo\u0107nika u nastavi Preuzmi&nbsp;NATJE\u010cAJ&nbsp;za zapo\u0161ljavanje osoba za obavljanje poslova pomo\u0107nika u nastavi za u\u010denike s te\u0161ko\u0107ama u razvoju tijekom nastavne godine 2023.\/2024.:<\/p>\n","protected":false},"author":2,"featured_media":0,"comment_status":"closed","ping_status":"open","sticky":false,"template":"","format":"standard","meta":{"footnotes":"","_jetpack_memberships_contains_paid_content":false},"categories":[24,7],"tags":[13,37,23],"yoast_head":"<!-- This site is optimized with the Yoast SEO plugin v22.6 - https:\/\/yoast.com\/wordpress\/plugins\/seo\/ -->\n<title>Natje\u010daj - O\u0160 Donja Stubica<\/title>\n<meta name=\"robots\" content=\"index, follow, max-snippet:-1, max-image-preview:large, max-video-preview:-1\" \/>\n<link rel=\"canonical\" href=\"https:\/\/osnovna-skola-donja-stubica.hr\/wp\/natjecaj-8\/\" \/>\n<meta property=\"og:locale\" content=\"hr_HR\" \/>\n<meta property=\"og:type\" content=\"article\" \/>\n<meta property=\"og:title\" content=\"Natje\u010daj - O\u0160 Donja Stubica\" \/>\n<meta property=\"og:description\" content=\"Natje\u010daj za zapo\u0161ljavanje osoba za obavljanje poslova pomo\u0107nika u nastavi Preuzmi&nbsp;NATJE\u010cAJ&nbsp;za zapo\u0161ljavanje osoba za obavljanje poslova pomo\u0107nika u nastavi za u\u010denike s te\u0161ko\u0107ama u razvoju tijekom nastavne godine 2023.\/2024.:\" \/>\n<meta property=\"og:url\" content=\"https:\/\/osnovna-skola-donja-stubica.hr\/wp\/natjecaj-8\/\" \/>\n<meta property=\"og:site_name\" content=\"O\u0160 Donja Stubica\" \/>\n<meta property=\"article:published_time\" content=\"2023-10-19T08:05:59+00:00\" \/>\n<meta property=\"article:modified_time\" content=\"2023-10-19T08:08:14+00:00\" \/>\n<meta name=\"author\" content=\"nikola\" \/>\n<meta name=\"twitter:card\" content=\"summary_large_image\" \/>\n<meta name=\"twitter:label1\" content=\"Napisao\/la\" \/>\n\t<meta name=\"twitter:data1\" content=\"nikola\" \/>\n\t<meta name=\"twitter:label2\" content=\"Procijenjeno vrijeme \u010ditanja\" \/>\n\t<meta name=\"twitter:data2\" content=\"1 minuta\" \/>\n<script type=\"application\/ld+json\" class=\"yoast-schema-graph\">{\"@context\":\"https:\/\/schema.org\",\"@graph\":[{\"@type\":\"WebPage\",\"@id\":\"https:\/\/osnovna-skola-donja-stubica.hr\/wp\/natjecaj-8\/\",\"url\":\"https:\/\/osnovna-skola-donja-stubica.hr\/wp\/natjecaj-8\/\",\"name\":\"Natje\u010daj - O\u0160 Donja Stubica\",\"isPartOf\":{\"@id\":\"https:\/\/osnovna-skola-donja-stubica.hr\/wp\/#website\"},\"datePublished\":\"2023-10-19T08:05:59+00:00\",\"dateModified\":\"2023-10-19T08:08:14+00:00\",\"author\":{\"@id\":\"https:\/\/osnovna-skola-donja-stubica.hr\/wp\/#\/schema\/person\/5ad865aacbeaddcb6e33e58cddf1bda9\"},\"breadcrumb\":{\"@id\":\"https:\/\/osnovna-skola-donja-stubica.hr\/wp\/natjecaj-8\/#breadcrumb\"},\"inLanguage\":\"hr\",\"potentialAction\":[{\"@type\":\"ReadAction\",\"target\":[\"https:\/\/osnovna-skola-donja-stubica.hr\/wp\/natjecaj-8\/\"]}]},{\"@type\":\"BreadcrumbList\",\"@id\":\"https:\/\/osnovna-skola-donja-stubica.hr\/wp\/natjecaj-8\/#breadcrumb\",\"itemListElement\":[{\"@type\":\"ListItem\",\"position\":1,\"name\":\"Po\u010detna stranica\",\"item\":\"https:\/\/osnovna-skola-donja-stubica.hr\/wp\/\"},{\"@type\":\"ListItem\",\"position\":2,\"name\":\"Natje\u010daj\"}]},{\"@type\":\"WebSite\",\"@id\":\"https:\/\/osnovna-skola-donja-stubica.hr\/wp\/#website\",\"url\":\"https:\/\/osnovna-skola-donja-stubica.hr\/wp\/\",\"name\":\"O\u0160 Donja Stubica\",\"description\":\"\",\"potentialAction\":[{\"@type\":\"SearchAction\",\"target\":{\"@type\":\"EntryPoint\",\"urlTemplate\":\"https:\/\/osnovna-skola-donja-stubica.hr\/wp\/?s={search_term_string}\"},\"query-input\":\"required name=search_term_string\"}],\"inLanguage\":\"hr\"},{\"@type\":\"Person\",\"@id\":\"https:\/\/osnovna-skola-donja-stubica.hr\/wp\/#\/schema\/person\/5ad865aacbeaddcb6e33e58cddf1bda9\",\"name\":\"nikola\",\"image\":{\"@type\":\"ImageObject\",\"inLanguage\":\"hr\",\"@id\":\"https:\/\/osnovna-skola-donja-stubica.hr\/wp\/#\/schema\/person\/image\/\",\"url\":\"https:\/\/secure.gravatar.com\/avatar\/ff6be33b6d6c4b5468e2d0782604d647?s=96&d=mm&r=g\",\"contentUrl\":\"https:\/\/secure.gravatar.com\/avatar\/ff6be33b6d6c4b5468e2d0782604d647?s=96&d=mm&r=g\",\"caption\":\"nikola\"}}]}<\/script>\n<!-- \/ Yoast SEO plugin. -->","yoast_head_json":{"title":"Natje\u010daj - O\u0160 Donja Stubica","robots":{"index":"index","follow":"follow","max-snippet":"max-snippet:-1","max-image-preview":"max-image-preview:large","max-video-preview":"max-video-preview:-1"},"canonical":"https:\/\/osnovna-skola-donja-stubica.hr\/wp\/natjecaj-8\/","og_locale":"hr_HR","og_type":"article","og_title":"Natje\u010daj - O\u0160 Donja Stubica","og_description":"Natje\u010daj za zapo\u0161ljavanje osoba za obavljanje poslova pomo\u0107nika u nastavi Preuzmi&nbsp;NATJE\u010cAJ&nbsp;za zapo\u0161ljavanje osoba za obavljanje poslova pomo\u0107nika u nastavi za u\u010denike s te\u0161ko\u0107ama u razvoju tijekom nastavne godine 2023.\/2024.:","og_url":"https:\/\/osnovna-skola-donja-stubica.hr\/wp\/natjecaj-8\/","og_site_name":"O\u0160 Donja Stubica","article_published_time":"2023-10-19T08:05:59+00:00","article_modified_time":"2023-10-19T08:08:14+00:00","author":"nikola","twitter_card":"summary_large_image","twitter_misc":{"Napisao\/la":"nikola","Procijenjeno vrijeme \u010ditanja":"1 minuta"},"schema":{"@context":"https:\/\/schema.org","@graph":[{"@type":"WebPage","@id":"https:\/\/osnovna-skola-donja-stubica.hr\/wp\/natjecaj-8\/","url":"https:\/\/osnovna-skola-donja-stubica.hr\/wp\/natjecaj-8\/","name":"Natje\u010daj - O\u0160 Donja Stubica","isPartOf":{"@id":"https:\/\/osnovna-skola-donja-stubica.hr\/wp\/#website"},"datePublished":"2023-10-19T08:05:59+00:00","dateModified":"2023-10-19T08:08:14+00:00","author":{"@id":"https:\/\/osnovna-skola-donja-stubica.hr\/wp\/#\/schema\/person\/5ad865aacbeaddcb6e33e58cddf1bda9"},"breadcrumb":{"@id":"https:\/\/osnovna-skola-donja-stubica.hr\/wp\/natjecaj-8\/#breadcrumb"},"inLanguage":"hr","potentialAction":[{"@type":"ReadAction","target":["https:\/\/osnovna-skola-donja-stubica.hr\/wp\/natjecaj-8\/"]}]},{"@type":"BreadcrumbList","@id":"https:\/\/osnovna-skola-donja-stubica.hr\/wp\/natjecaj-8\/#breadcrumb","itemListElement":[{"@type":"ListItem","position":1,"name":"Po\u010detna stranica","item":"https:\/\/osnovna-skola-donja-stubica.hr\/wp\/"},{"@type":"ListItem","position":2,"name":"Natje\u010daj"}]},{"@type":"WebSite","@id":"https:\/\/osnovna-skola-donja-stubica.hr\/wp\/#website","url":"https:\/\/osnovna-skola-donja-stubica.hr\/wp\/","name":"O\u0160 Donja Stubica","description":"","potentialAction":[{"@type":"SearchAction","target":{"@type":"EntryPoint","urlTemplate":"https:\/\/osnovna-skola-donja-stubica.hr\/wp\/?s={search_term_string}"},"query-input":"required name=search_term_string"}],"inLanguage":"hr"},{"@type":"Person","@id":"https:\/\/osnovna-skola-donja-stubica.hr\/wp\/#\/schema\/person\/5ad865aacbeaddcb6e33e58cddf1bda9","name":"nikola","image":{"@type":"ImageObject","inLanguage":"hr","@id":"https:\/\/osnovna-skola-donja-stubica.hr\/wp\/#\/schema\/person\/image\/","url":"https:\/\/secure.gravatar.com\/avatar\/ff6be33b6d6c4b5468e2d0782604d647?s=96&d=mm&r=g","contentUrl":"https:\/\/secure.gravatar.com\/avatar\/ff6be33b6d6c4b5468e2d0782604d647?s=96&d=mm&r=g","caption":"nikola"}}]}},"jetpack_featured_media_url":"","jetpack_sharing_enabled":true,"jetpack-related-posts":[],"jetpack_shortlink":"https:\/\/wp.me\/p7YpPR-2iE","_links":{"self":[{"href":"https:\/\/osnovna-skola-donja-stubica.hr\/wp\/wp-json\/wp\/v2\/posts\/8844"}],"collection":[{"href":"https:\/\/osnovna-skola-donja-stubica.hr\/wp\/wp-json\/wp\/v2\/posts"}],"about":[{"href":"https:\/\/osnovna-skola-donja-stubica.hr\/wp\/wp-json\/wp\/v2\/types\/post"}],"author":[{"embeddable":true,"href":"https:\/\/osnovna-skola-donja-stubica.hr\/wp\/wp-json\/wp\/v2\/users\/2"}],"replies":[{"embeddable":true,"href":"https:\/\/osnovna-skola-donja-stubica.hr\/wp\/wp-json\/wp\/v2\/comments?post=8844"}],"version-history":[{"count":2,"href":"https:\/\/osnovna-skola-donja-stubica.hr\/wp\/wp-json\/wp\/v2\/posts\/8844\/revisions"}],"predecessor-version":[{"id":8850,"href":"https:\/\/osnovna-skola-donja-stubica.hr\/wp\/wp-json\/wp\/v2\/posts\/8844\/revisions\/8850"}],"wp:attachment":[{"href":"https:\/\/osnovna-skola-donja-stubica.hr\/wp\/wp-json\/wp\/v2\/media?parent=8844"}],"wp:term":[{"taxonomy":"category","embeddable":true,"href":"https:\/\/osnovna-skola-donja-stubica.hr\/wp\/wp-json\/wp\/v2\/categories?post=8844"},{"taxonomy":"post_tag","embeddable":true,"href":"https:\/\/osnovna-skola-donja-stubica.hr\/wp\/wp-json\/wp\/v2\/tags?post=8844"}],"curies":[{"name":"wp","href":"https:\/\/api.w.org\/{rel}","templated":true}]}}