{"id":8950,"date":"2023-10-30T17:44:54","date_gmt":"2023-10-30T16:44:54","guid":{"rendered":"https:\/\/osnovna-skola-donja-stubica.hr\/wp\/?p=8950"},"modified":"2023-10-30T17:44:55","modified_gmt":"2023-10-30T16:44:55","slug":"izvanucionicka-nastava-7","status":"publish","type":"post","link":"https:\/\/osnovna-skola-donja-stubica.hr\/wp\/izvanucionicka-nastava-7\/","title":{"rendered":"Izvanu\u010dioni\u010dka nastava"},"content":{"rendered":"\n<figure class=\"wp-block-gallery has-nested-images columns-default is-cropped wp-block-gallery-1 is-layout-flex wp-block-gallery-is-layout-flex\">\n<figure class=\"wp-block-image size-full\"><img data-attachment-id=\"8960\" data-permalink=\"https:\/\/osnovna-skola-donja-stubica.hr\/wp\/izvanucionicka-nastava-7\/20231026_104652\/\" data-orig-file=\"https:\/\/osnovna-skola-donja-stubica.hr\/wp\/wp-content\/uploads\/2023\/10\/20231026_104652-scaled.jpg\" data-orig-size=\"2560,2560\" data-comments-opened=\"0\" data-image-meta=\"{&quot;aperture&quot;:&quot;1.8&quot;,&quot;credit&quot;:&quot;&quot;,&quot;camera&quot;:&quot;SM-A528B&quot;,&quot;caption&quot;:&quot;&quot;,&quot;created_timestamp&quot;:&quot;1698317212&quot;,&quot;copyright&quot;:&quot;&quot;,&quot;focal_length&quot;:&quot;5.23&quot;,&quot;iso&quot;:&quot;40&quot;,&quot;shutter_speed&quot;:&quot;0.0017857142857143&quot;,&quot;title&quot;:&quot;&quot;,&quot;orientation&quot;:&quot;1&quot;}\" data-image-title=\"20231026_104652\" data-image-description=\"\" data-image-caption=\"\" data-medium-file=\"https:\/\/osnovna-skola-donja-stubica.hr\/wp\/wp-content\/uploads\/2023\/10\/20231026_104652-300x300.jpg\" data-large-file=\"https:\/\/osnovna-skola-donja-stubica.hr\/wp\/wp-content\/uploads\/2023\/10\/20231026_104652-1024x1024.jpg\" decoding=\"async\" loading=\"lazy\" width=\"2560\" height=\"2560\" data-id=\"8960\" src=\"https:\/\/osnovna-skola-donja-stubica.hr\/wp\/wp-content\/uploads\/2023\/10\/20231026_104652-scaled.jpg\" alt=\"\" class=\"wp-image-8960\" srcset=\"https:\/\/osnovna-skola-donja-stubica.hr\/wp\/wp-content\/uploads\/2023\/10\/20231026_104652-scaled.jpg 2560w, https:\/\/osnovna-skola-donja-stubica.hr\/wp\/wp-content\/uploads\/2023\/10\/20231026_104652-300x300.jpg 300w, https:\/\/osnovna-skola-donja-stubica.hr\/wp\/wp-content\/uploads\/2023\/10\/20231026_104652-1024x1024.jpg 1024w, https:\/\/osnovna-skola-donja-stubica.hr\/wp\/wp-content\/uploads\/2023\/10\/20231026_104652-150x150.jpg 150w, https:\/\/osnovna-skola-donja-stubica.hr\/wp\/wp-content\/uploads\/2023\/10\/20231026_104652-768x768.jpg 768w, https:\/\/osnovna-skola-donja-stubica.hr\/wp\/wp-content\/uploads\/2023\/10\/20231026_104652-1536x1536.jpg 1536w, https:\/\/osnovna-skola-donja-stubica.hr\/wp\/wp-content\/uploads\/2023\/10\/20231026_104652-2048x2048.jpg 2048w, https:\/\/osnovna-skola-donja-stubica.hr\/wp\/wp-content\/uploads\/2023\/10\/20231026_104652-50x50.jpg 50w\" sizes=\"(max-width: 2560px) 100vw, 2560px\" \/><\/figure>\n\n\n\n<figure class=\"wp-block-image size-full\"><img data-attachment-id=\"8961\" data-permalink=\"https:\/\/osnovna-skola-donja-stubica.hr\/wp\/izvanucionicka-nastava-7\/20231026_104629\/\" data-orig-file=\"https:\/\/osnovna-skola-donja-stubica.hr\/wp\/wp-content\/uploads\/2023\/10\/20231026_104629-scaled.jpg\" data-orig-size=\"2560,2560\" data-comments-opened=\"0\" data-image-meta=\"{&quot;aperture&quot;:&quot;1.8&quot;,&quot;credit&quot;:&quot;&quot;,&quot;camera&quot;:&quot;SM-A528B&quot;,&quot;caption&quot;:&quot;&quot;,&quot;created_timestamp&quot;:&quot;1698317189&quot;,&quot;copyright&quot;:&quot;&quot;,&quot;focal_length&quot;:&quot;5.23&quot;,&quot;iso&quot;:&quot;40&quot;,&quot;shutter_speed&quot;:&quot;0.0046948356807512&quot;,&quot;title&quot;:&quot;&quot;,&quot;orientation&quot;:&quot;1&quot;}\" data-image-title=\"20231026_104629\" data-image-description=\"\" data-image-caption=\"\" data-medium-file=\"https:\/\/osnovna-skola-donja-stubica.hr\/wp\/wp-content\/uploads\/2023\/10\/20231026_104629-300x300.jpg\" data-large-file=\"https:\/\/osnovna-skola-donja-stubica.hr\/wp\/wp-content\/uploads\/2023\/10\/20231026_104629-1024x1024.jpg\" decoding=\"async\" loading=\"lazy\" width=\"2560\" height=\"2560\" data-id=\"8961\" src=\"https:\/\/osnovna-skola-donja-stubica.hr\/wp\/wp-content\/uploads\/2023\/10\/20231026_104629-scaled.jpg\" alt=\"\" class=\"wp-image-8961\" srcset=\"https:\/\/osnovna-skola-donja-stubica.hr\/wp\/wp-content\/uploads\/2023\/10\/20231026_104629-scaled.jpg 2560w, https:\/\/osnovna-skola-donja-stubica.hr\/wp\/wp-content\/uploads\/2023\/10\/20231026_104629-300x300.jpg 300w, https:\/\/osnovna-skola-donja-stubica.hr\/wp\/wp-content\/uploads\/2023\/10\/20231026_104629-1024x1024.jpg 1024w, https:\/\/osnovna-skola-donja-stubica.hr\/wp\/wp-content\/uploads\/2023\/10\/20231026_104629-150x150.jpg 150w, https:\/\/osnovna-skola-donja-stubica.hr\/wp\/wp-content\/uploads\/2023\/10\/20231026_104629-768x768.jpg 768w, https:\/\/osnovna-skola-donja-stubica.hr\/wp\/wp-content\/uploads\/2023\/10\/20231026_104629-1536x1536.jpg 1536w, https:\/\/osnovna-skola-donja-stubica.hr\/wp\/wp-content\/uploads\/2023\/10\/20231026_104629-2048x2048.jpg 2048w, https:\/\/osnovna-skola-donja-stubica.hr\/wp\/wp-content\/uploads\/2023\/10\/20231026_104629-50x50.jpg 50w\" sizes=\"(max-width: 2560px) 100vw, 2560px\" \/><\/figure>\n<\/figure>\n\n\n\n<h2 class=\"wp-block-heading\">Maribor izvana i iznutra<\/h2>\n\n\n\n<h2 class=\"wp-block-heading\">Izvanu\u010dioni\u010dna nastava \u0161estih razreda u Sloveniji<\/h2>\n\n\n\n<p>U\u010denici su \u0161estih razreda kraj listopada odlu\u010dili posvetiti u\u010denju na terenu, i to ovaj put u Sloveniji. Naime, u \u010detvrtak 26. 10. doputovali su Slovenske Konjice gdje su posjetili <strong>ZOO LAND<\/strong>, zoolo\u0161ki vrt i tematski park u kojem su se upoznali sa \u017eivotinjama i njihovim stani\u0161tima, ali i sa skrivenim svjetovima drevnih kultura, a sve na aktivan na\u010din iskustvenim u\u010denjem, istra\u017eivanjem i igrom\u2026<\/p>\n\n\n\n<!--more-->\n\n\n\n<p>Dolaskom u <em>Maribor <\/em>posjetili su <em>Centar eksperimentov <\/em>gdje su kroz predavanje i radionicu u\u010dili o povijesti zrakoplova i letenja te se oku\u0161ali u nizu eksperimenata iz prirodnih znanosti, zabavljaju\u0107i se ni ne znaju\u0107i da, zapravo, u\u010de.<br>Slijedio je obilazak najstarijeg dijela grada Maribora tijekom kojeg su u\u010denici saznali brojne zanimljivosti iz mariborske pro\u0161losti, a istovremeno su mogli osjetiti dinamiku grada i kako on \u017eivi danas.<\/p>\n\n\n\n<p class=\"has-text-align-right\">Anamarija Grabu\u0161i\u0107<\/p>\n\n\n\n<p><\/p>\n\n\n\n<figure class=\"wp-block-gallery has-nested-images columns-4 is-cropped wp-block-gallery-3 is-layout-flex wp-block-gallery-is-layout-flex\">\n<figure class=\"wp-block-image size-full\"><img data-attachment-id=\"8955\" data-permalink=\"https:\/\/osnovna-skola-donja-stubica.hr\/wp\/izvanucionicka-nastava-7\/20231026_140125\/\" data-orig-file=\"https:\/\/osnovna-skola-donja-stubica.hr\/wp\/wp-content\/uploads\/2023\/10\/20231026_140125-scaled.jpg\" data-orig-size=\"1920,2560\" data-comments-opened=\"0\" data-image-meta=\"{&quot;aperture&quot;:&quot;1.8&quot;,&quot;credit&quot;:&quot;&quot;,&quot;camera&quot;:&quot;SM-A528B&quot;,&quot;caption&quot;:&quot;&quot;,&quot;created_timestamp&quot;:&quot;1698328886&quot;,&quot;copyright&quot;:&quot;&quot;,&quot;focal_length&quot;:&quot;5.23&quot;,&quot;iso&quot;:&quot;25&quot;,&quot;shutter_speed&quot;:&quot;0.0048309178743961&quot;,&quot;title&quot;:&quot;&quot;,&quot;orientation&quot;:&quot;1&quot;}\" data-image-title=\"20231026_140125\" data-image-description=\"\" data-image-caption=\"\" data-medium-file=\"https:\/\/osnovna-skola-donja-stubica.hr\/wp\/wp-content\/uploads\/2023\/10\/20231026_140125-225x300.jpg\" data-large-file=\"https:\/\/osnovna-skola-donja-stubica.hr\/wp\/wp-content\/uploads\/2023\/10\/20231026_140125-768x1024.jpg\" decoding=\"async\" loading=\"lazy\" width=\"1920\" height=\"2560\" data-id=\"8955\" src=\"https:\/\/osnovna-skola-donja-stubica.hr\/wp\/wp-content\/uploads\/2023\/10\/20231026_140125-scaled.jpg\" alt=\"\" class=\"wp-image-8955\" srcset=\"https:\/\/osnovna-skola-donja-stubica.hr\/wp\/wp-content\/uploads\/2023\/10\/20231026_140125-scaled.jpg 1920w, https:\/\/osnovna-skola-donja-stubica.hr\/wp\/wp-content\/uploads\/2023\/10\/20231026_140125-225x300.jpg 225w, https:\/\/osnovna-skola-donja-stubica.hr\/wp\/wp-content\/uploads\/2023\/10\/20231026_140125-768x1024.jpg 768w, https:\/\/osnovna-skola-donja-stubica.hr\/wp\/wp-content\/uploads\/2023\/10\/20231026_140125-1152x1536.jpg 1152w, https:\/\/osnovna-skola-donja-stubica.hr\/wp\/wp-content\/uploads\/2023\/10\/20231026_140125-1536x2048.jpg 1536w\" sizes=\"(max-width: 1920px) 100vw, 1920px\" \/><\/figure>\n\n\n\n<figure class=\"wp-block-image size-full\"><img data-attachment-id=\"8952\" data-permalink=\"https:\/\/osnovna-skola-donja-stubica.hr\/wp\/izvanucionicka-nastava-7\/20231026_140558\/\" data-orig-file=\"https:\/\/osnovna-skola-donja-stubica.hr\/wp\/wp-content\/uploads\/2023\/10\/20231026_140558-scaled.jpg\" data-orig-size=\"1920,2560\" data-comments-opened=\"0\" data-image-meta=\"{&quot;aperture&quot;:&quot;1.8&quot;,&quot;credit&quot;:&quot;&quot;,&quot;camera&quot;:&quot;SM-A528B&quot;,&quot;caption&quot;:&quot;&quot;,&quot;created_timestamp&quot;:&quot;1698329159&quot;,&quot;copyright&quot;:&quot;&quot;,&quot;focal_length&quot;:&quot;5.23&quot;,&quot;iso&quot;:&quot;25&quot;,&quot;shutter_speed&quot;:&quot;0.0020491803278689&quot;,&quot;title&quot;:&quot;&quot;,&quot;orientation&quot;:&quot;1&quot;}\" data-image-title=\"20231026_140558\" data-image-description=\"\" data-image-caption=\"\" data-medium-file=\"https:\/\/osnovna-skola-donja-stubica.hr\/wp\/wp-content\/uploads\/2023\/10\/20231026_140558-225x300.jpg\" data-large-file=\"https:\/\/osnovna-skola-donja-stubica.hr\/wp\/wp-content\/uploads\/2023\/10\/20231026_140558-768x1024.jpg\" decoding=\"async\" loading=\"lazy\" width=\"1920\" height=\"2560\" data-id=\"8952\" src=\"https:\/\/osnovna-skola-donja-stubica.hr\/wp\/wp-content\/uploads\/2023\/10\/20231026_140558-scaled.jpg\" alt=\"\" class=\"wp-image-8952\" srcset=\"https:\/\/osnovna-skola-donja-stubica.hr\/wp\/wp-content\/uploads\/2023\/10\/20231026_140558-scaled.jpg 1920w, https:\/\/osnovna-skola-donja-stubica.hr\/wp\/wp-content\/uploads\/2023\/10\/20231026_140558-225x300.jpg 225w, https:\/\/osnovna-skola-donja-stubica.hr\/wp\/wp-content\/uploads\/2023\/10\/20231026_140558-768x1024.jpg 768w, https:\/\/osnovna-skola-donja-stubica.hr\/wp\/wp-content\/uploads\/2023\/10\/20231026_140558-1152x1536.jpg 1152w, https:\/\/osnovna-skola-donja-stubica.hr\/wp\/wp-content\/uploads\/2023\/10\/20231026_140558-1536x2048.jpg 1536w\" sizes=\"(max-width: 1920px) 100vw, 1920px\" \/><\/figure>\n\n\n\n<figure class=\"wp-block-image size-full\"><img data-attachment-id=\"8953\" data-permalink=\"https:\/\/osnovna-skola-donja-stubica.hr\/wp\/izvanucionicka-nastava-7\/20231026_141620\/\" data-orig-file=\"https:\/\/osnovna-skola-donja-stubica.hr\/wp\/wp-content\/uploads\/2023\/10\/20231026_141620-scaled.jpg\" data-orig-size=\"1920,2560\" data-comments-opened=\"0\" data-image-meta=\"{&quot;aperture&quot;:&quot;1.8&quot;,&quot;credit&quot;:&quot;&quot;,&quot;camera&quot;:&quot;SM-A528B&quot;,&quot;caption&quot;:&quot;&quot;,&quot;created_timestamp&quot;:&quot;1698329780&quot;,&quot;copyright&quot;:&quot;&quot;,&quot;focal_length&quot;:&quot;5.23&quot;,&quot;iso&quot;:&quot;25&quot;,&quot;shutter_speed&quot;:&quot;0.0023148148148148&quot;,&quot;title&quot;:&quot;&quot;,&quot;orientation&quot;:&quot;1&quot;}\" data-image-title=\"20231026_141620\" data-image-description=\"\" data-image-caption=\"\" data-medium-file=\"https:\/\/osnovna-skola-donja-stubica.hr\/wp\/wp-content\/uploads\/2023\/10\/20231026_141620-225x300.jpg\" data-large-file=\"https:\/\/osnovna-skola-donja-stubica.hr\/wp\/wp-content\/uploads\/2023\/10\/20231026_141620-768x1024.jpg\" decoding=\"async\" loading=\"lazy\" width=\"1920\" height=\"2560\" data-id=\"8953\" src=\"https:\/\/osnovna-skola-donja-stubica.hr\/wp\/wp-content\/uploads\/2023\/10\/20231026_141620-scaled.jpg\" alt=\"\" class=\"wp-image-8953\" srcset=\"https:\/\/osnovna-skola-donja-stubica.hr\/wp\/wp-content\/uploads\/2023\/10\/20231026_141620-scaled.jpg 1920w, https:\/\/osnovna-skola-donja-stubica.hr\/wp\/wp-content\/uploads\/2023\/10\/20231026_141620-225x300.jpg 225w, https:\/\/osnovna-skola-donja-stubica.hr\/wp\/wp-content\/uploads\/2023\/10\/20231026_141620-768x1024.jpg 768w, https:\/\/osnovna-skola-donja-stubica.hr\/wp\/wp-content\/uploads\/2023\/10\/20231026_141620-1152x1536.jpg 1152w, https:\/\/osnovna-skola-donja-stubica.hr\/wp\/wp-content\/uploads\/2023\/10\/20231026_141620-1536x2048.jpg 1536w\" sizes=\"(max-width: 1920px) 100vw, 1920px\" \/><\/figure>\n\n\n\n<figure class=\"wp-block-image size-full\"><img data-attachment-id=\"8954\" data-permalink=\"https:\/\/osnovna-skola-donja-stubica.hr\/wp\/izvanucionicka-nastava-7\/20231026_142840\/\" data-orig-file=\"https:\/\/osnovna-skola-donja-stubica.hr\/wp\/wp-content\/uploads\/2023\/10\/20231026_142840-scaled.jpg\" data-orig-size=\"2560,1920\" data-comments-opened=\"0\" data-image-meta=\"{&quot;aperture&quot;:&quot;1.8&quot;,&quot;credit&quot;:&quot;&quot;,&quot;camera&quot;:&quot;SM-A528B&quot;,&quot;caption&quot;:&quot;&quot;,&quot;created_timestamp&quot;:&quot;1698330520&quot;,&quot;copyright&quot;:&quot;&quot;,&quot;focal_length&quot;:&quot;5.23&quot;,&quot;iso&quot;:&quot;25&quot;,&quot;shutter_speed&quot;:&quot;0.003090767&quot;,&quot;title&quot;:&quot;&quot;,&quot;orientation&quot;:&quot;1&quot;}\" data-image-title=\"20231026_142840\" data-image-description=\"\" data-image-caption=\"\" data-medium-file=\"https:\/\/osnovna-skola-donja-stubica.hr\/wp\/wp-content\/uploads\/2023\/10\/20231026_142840-300x225.jpg\" data-large-file=\"https:\/\/osnovna-skola-donja-stubica.hr\/wp\/wp-content\/uploads\/2023\/10\/20231026_142840-1024x768.jpg\" decoding=\"async\" loading=\"lazy\" width=\"2560\" height=\"1920\" data-id=\"8954\" src=\"https:\/\/osnovna-skola-donja-stubica.hr\/wp\/wp-content\/uploads\/2023\/10\/20231026_142840-scaled.jpg\" alt=\"\" class=\"wp-image-8954\" srcset=\"https:\/\/osnovna-skola-donja-stubica.hr\/wp\/wp-content\/uploads\/2023\/10\/20231026_142840-scaled.jpg 2560w, https:\/\/osnovna-skola-donja-stubica.hr\/wp\/wp-content\/uploads\/2023\/10\/20231026_142840-300x225.jpg 300w, https:\/\/osnovna-skola-donja-stubica.hr\/wp\/wp-content\/uploads\/2023\/10\/20231026_142840-1024x768.jpg 1024w, https:\/\/osnovna-skola-donja-stubica.hr\/wp\/wp-content\/uploads\/2023\/10\/20231026_142840-768x576.jpg 768w, https:\/\/osnovna-skola-donja-stubica.hr\/wp\/wp-content\/uploads\/2023\/10\/20231026_142840-1536x1152.jpg 1536w, https:\/\/osnovna-skola-donja-stubica.hr\/wp\/wp-content\/uploads\/2023\/10\/20231026_142840-2048x1536.jpg 2048w\" sizes=\"(max-width: 2560px) 100vw, 2560px\" \/><\/figure>\n<\/figure>\n\n\n\n<figure class=\"wp-block-gallery has-nested-images columns-4 is-cropped wp-block-gallery-5 is-layout-flex wp-block-gallery-is-layout-flex\">\n<figure class=\"wp-block-image size-full\"><img data-attachment-id=\"8956\" data-permalink=\"https:\/\/osnovna-skola-donja-stubica.hr\/wp\/izvanucionicka-nastava-7\/20231026_121323\/\" data-orig-file=\"https:\/\/osnovna-skola-donja-stubica.hr\/wp\/wp-content\/uploads\/2023\/10\/20231026_121323-scaled.jpg\" data-orig-size=\"1920,2560\" data-comments-opened=\"0\" data-image-meta=\"{&quot;aperture&quot;:&quot;1.8&quot;,&quot;credit&quot;:&quot;&quot;,&quot;camera&quot;:&quot;SM-A528B&quot;,&quot;caption&quot;:&quot;&quot;,&quot;created_timestamp&quot;:&quot;1698322404&quot;,&quot;copyright&quot;:&quot;&quot;,&quot;focal_length&quot;:&quot;5.23&quot;,&quot;iso&quot;:&quot;320&quot;,&quot;shutter_speed&quot;:&quot;0.02&quot;,&quot;title&quot;:&quot;&quot;,&quot;orientation&quot;:&quot;1&quot;}\" data-image-title=\"20231026_121323\" data-image-description=\"\" data-image-caption=\"\" data-medium-file=\"https:\/\/osnovna-skola-donja-stubica.hr\/wp\/wp-content\/uploads\/2023\/10\/20231026_121323-225x300.jpg\" data-large-file=\"https:\/\/osnovna-skola-donja-stubica.hr\/wp\/wp-content\/uploads\/2023\/10\/20231026_121323-768x1024.jpg\" decoding=\"async\" loading=\"lazy\" width=\"1920\" height=\"2560\" data-id=\"8956\" src=\"https:\/\/osnovna-skola-donja-stubica.hr\/wp\/wp-content\/uploads\/2023\/10\/20231026_121323-scaled.jpg\" alt=\"\" class=\"wp-image-8956\" srcset=\"https:\/\/osnovna-skola-donja-stubica.hr\/wp\/wp-content\/uploads\/2023\/10\/20231026_121323-scaled.jpg 1920w, https:\/\/osnovna-skola-donja-stubica.hr\/wp\/wp-content\/uploads\/2023\/10\/20231026_121323-225x300.jpg 225w, https:\/\/osnovna-skola-donja-stubica.hr\/wp\/wp-content\/uploads\/2023\/10\/20231026_121323-768x1024.jpg 768w, https:\/\/osnovna-skola-donja-stubica.hr\/wp\/wp-content\/uploads\/2023\/10\/20231026_121323-1152x1536.jpg 1152w, https:\/\/osnovna-skola-donja-stubica.hr\/wp\/wp-content\/uploads\/2023\/10\/20231026_121323-1536x2048.jpg 1536w\" sizes=\"(max-width: 1920px) 100vw, 1920px\" \/><\/figure>\n\n\n\n<figure class=\"wp-block-image size-full\"><img data-attachment-id=\"8957\" data-permalink=\"https:\/\/osnovna-skola-donja-stubica.hr\/wp\/izvanucionicka-nastava-7\/20231026_124539\/\" data-orig-file=\"https:\/\/osnovna-skola-donja-stubica.hr\/wp\/wp-content\/uploads\/2023\/10\/20231026_124539-scaled.jpg\" data-orig-size=\"1920,2560\" data-comments-opened=\"0\" data-image-meta=\"{&quot;aperture&quot;:&quot;1.8&quot;,&quot;credit&quot;:&quot;&quot;,&quot;camera&quot;:&quot;SM-A528B&quot;,&quot;caption&quot;:&quot;&quot;,&quot;created_timestamp&quot;:&quot;1698324339&quot;,&quot;copyright&quot;:&quot;&quot;,&quot;focal_length&quot;:&quot;5.23&quot;,&quot;iso&quot;:&quot;125&quot;,&quot;shutter_speed&quot;:&quot;0.02&quot;,&quot;title&quot;:&quot;&quot;,&quot;orientation&quot;:&quot;1&quot;}\" data-image-title=\"20231026_124539\" data-image-description=\"\" data-image-caption=\"\" data-medium-file=\"https:\/\/osnovna-skola-donja-stubica.hr\/wp\/wp-content\/uploads\/2023\/10\/20231026_124539-225x300.jpg\" data-large-file=\"https:\/\/osnovna-skola-donja-stubica.hr\/wp\/wp-content\/uploads\/2023\/10\/20231026_124539-768x1024.jpg\" decoding=\"async\" loading=\"lazy\" width=\"1920\" height=\"2560\" data-id=\"8957\" src=\"https:\/\/osnovna-skola-donja-stubica.hr\/wp\/wp-content\/uploads\/2023\/10\/20231026_124539-scaled.jpg\" alt=\"\" class=\"wp-image-8957\" srcset=\"https:\/\/osnovna-skola-donja-stubica.hr\/wp\/wp-content\/uploads\/2023\/10\/20231026_124539-scaled.jpg 1920w, https:\/\/osnovna-skola-donja-stubica.hr\/wp\/wp-content\/uploads\/2023\/10\/20231026_124539-225x300.jpg 225w, https:\/\/osnovna-skola-donja-stubica.hr\/wp\/wp-content\/uploads\/2023\/10\/20231026_124539-768x1024.jpg 768w, https:\/\/osnovna-skola-donja-stubica.hr\/wp\/wp-content\/uploads\/2023\/10\/20231026_124539-1152x1536.jpg 1152w, https:\/\/osnovna-skola-donja-stubica.hr\/wp\/wp-content\/uploads\/2023\/10\/20231026_124539-1536x2048.jpg 1536w\" sizes=\"(max-width: 1920px) 100vw, 1920px\" \/><\/figure>\n\n\n\n<figure class=\"wp-block-image size-full\"><img data-attachment-id=\"8958\" data-permalink=\"https:\/\/osnovna-skola-donja-stubica.hr\/wp\/izvanucionicka-nastava-7\/20231026_131301\/\" data-orig-file=\"https:\/\/osnovna-skola-donja-stubica.hr\/wp\/wp-content\/uploads\/2023\/10\/20231026_131301-scaled.jpg\" data-orig-size=\"1920,2560\" data-comments-opened=\"0\" data-image-meta=\"{&quot;aperture&quot;:&quot;1.8&quot;,&quot;credit&quot;:&quot;&quot;,&quot;camera&quot;:&quot;SM-A528B&quot;,&quot;caption&quot;:&quot;&quot;,&quot;created_timestamp&quot;:&quot;1698325981&quot;,&quot;copyright&quot;:&quot;&quot;,&quot;focal_length&quot;:&quot;5.23&quot;,&quot;iso&quot;:&quot;200&quot;,&quot;shutter_speed&quot;:&quot;0.02&quot;,&quot;title&quot;:&quot;&quot;,&quot;orientation&quot;:&quot;1&quot;}\" data-image-title=\"20231026_131301\" data-image-description=\"\" data-image-caption=\"\" data-medium-file=\"https:\/\/osnovna-skola-donja-stubica.hr\/wp\/wp-content\/uploads\/2023\/10\/20231026_131301-225x300.jpg\" data-large-file=\"https:\/\/osnovna-skola-donja-stubica.hr\/wp\/wp-content\/uploads\/2023\/10\/20231026_131301-768x1024.jpg\" decoding=\"async\" loading=\"lazy\" width=\"1920\" height=\"2560\" data-id=\"8958\" src=\"https:\/\/osnovna-skola-donja-stubica.hr\/wp\/wp-content\/uploads\/2023\/10\/20231026_131301-scaled.jpg\" alt=\"\" class=\"wp-image-8958\" srcset=\"https:\/\/osnovna-skola-donja-stubica.hr\/wp\/wp-content\/uploads\/2023\/10\/20231026_131301-scaled.jpg 1920w, https:\/\/osnovna-skola-donja-stubica.hr\/wp\/wp-content\/uploads\/2023\/10\/20231026_131301-225x300.jpg 225w, https:\/\/osnovna-skola-donja-stubica.hr\/wp\/wp-content\/uploads\/2023\/10\/20231026_131301-768x1024.jpg 768w, https:\/\/osnovna-skola-donja-stubica.hr\/wp\/wp-content\/uploads\/2023\/10\/20231026_131301-1152x1536.jpg 1152w, https:\/\/osnovna-skola-donja-stubica.hr\/wp\/wp-content\/uploads\/2023\/10\/20231026_131301-1536x2048.jpg 1536w\" sizes=\"(max-width: 1920px) 100vw, 1920px\" \/><\/figure>\n\n\n\n<figure class=\"wp-block-image size-full\"><img data-attachment-id=\"8959\" data-permalink=\"https:\/\/osnovna-skola-donja-stubica.hr\/wp\/izvanucionicka-nastava-7\/20231026_131340\/\" data-orig-file=\"https:\/\/osnovna-skola-donja-stubica.hr\/wp\/wp-content\/uploads\/2023\/10\/20231026_131340-scaled.jpg\" data-orig-size=\"1920,2560\" data-comments-opened=\"0\" data-image-meta=\"{&quot;aperture&quot;:&quot;1.8&quot;,&quot;credit&quot;:&quot;&quot;,&quot;camera&quot;:&quot;SM-A528B&quot;,&quot;caption&quot;:&quot;&quot;,&quot;created_timestamp&quot;:&quot;1698326020&quot;,&quot;copyright&quot;:&quot;&quot;,&quot;focal_length&quot;:&quot;5.23&quot;,&quot;iso&quot;:&quot;200&quot;,&quot;shutter_speed&quot;:&quot;0.02&quot;,&quot;title&quot;:&quot;&quot;,&quot;orientation&quot;:&quot;1&quot;}\" data-image-title=\"20231026_131340\" data-image-description=\"\" data-image-caption=\"\" data-medium-file=\"https:\/\/osnovna-skola-donja-stubica.hr\/wp\/wp-content\/uploads\/2023\/10\/20231026_131340-225x300.jpg\" data-large-file=\"https:\/\/osnovna-skola-donja-stubica.hr\/wp\/wp-content\/uploads\/2023\/10\/20231026_131340-768x1024.jpg\" decoding=\"async\" loading=\"lazy\" width=\"1920\" height=\"2560\" data-id=\"8959\" src=\"https:\/\/osnovna-skola-donja-stubica.hr\/wp\/wp-content\/uploads\/2023\/10\/20231026_131340-scaled.jpg\" alt=\"\" class=\"wp-image-8959\" srcset=\"https:\/\/osnovna-skola-donja-stubica.hr\/wp\/wp-content\/uploads\/2023\/10\/20231026_131340-scaled.jpg 1920w, https:\/\/osnovna-skola-donja-stubica.hr\/wp\/wp-content\/uploads\/2023\/10\/20231026_131340-225x300.jpg 225w, https:\/\/osnovna-skola-donja-stubica.hr\/wp\/wp-content\/uploads\/2023\/10\/20231026_131340-768x1024.jpg 768w, https:\/\/osnovna-skola-donja-stubica.hr\/wp\/wp-content\/uploads\/2023\/10\/20231026_131340-1152x1536.jpg 1152w, https:\/\/osnovna-skola-donja-stubica.hr\/wp\/wp-content\/uploads\/2023\/10\/20231026_131340-1536x2048.jpg 1536w\" sizes=\"(max-width: 1920px) 100vw, 1920px\" \/><\/figure>\n<\/figure>\n","protected":false},"excerpt":{"rendered":"<p>Maribor izvana i iznutra Izvanu\u010dioni\u010dna nastava \u0161estih razreda u Sloveniji U\u010denici su \u0161estih razreda kraj listopada odlu\u010dili posvetiti u\u010denju na terenu, i to ovaj put u Sloveniji. Naime, u \u010detvrtak 26. 10. doputovali su Slovenske Konjice gdje su posjetili ZOO LAND, zoolo\u0161ki vrt i tematski park u kojem su se upoznali sa \u017eivotinjama i njihovim [&hellip;]<\/p>\n","protected":false},"author":4,"featured_media":0,"comment_status":"closed","ping_status":"open","sticky":false,"template":"","format":"standard","meta":{"footnotes":"","_jetpack_memberships_contains_paid_content":false},"categories":[2],"tags":[],"yoast_head":"<!-- This site is optimized with the Yoast SEO plugin v22.6 - https:\/\/yoast.com\/wordpress\/plugins\/seo\/ -->\n<title>Izvanu\u010dioni\u010dka nastava - O\u0160 Donja Stubica<\/title>\n<meta name=\"robots\" content=\"index, follow, max-snippet:-1, max-image-preview:large, max-video-preview:-1\" \/>\n<link rel=\"canonical\" href=\"https:\/\/osnovna-skola-donja-stubica.hr\/wp\/izvanucionicka-nastava-7\/\" \/>\n<meta property=\"og:locale\" content=\"hr_HR\" \/>\n<meta property=\"og:type\" content=\"article\" \/>\n<meta property=\"og:title\" content=\"Izvanu\u010dioni\u010dka nastava - O\u0160 Donja Stubica\" \/>\n<meta property=\"og:description\" content=\"Maribor izvana i iznutra Izvanu\u010dioni\u010dna nastava \u0161estih razreda u Sloveniji U\u010denici su \u0161estih razreda kraj listopada odlu\u010dili posvetiti u\u010denju na terenu, i to ovaj put u Sloveniji. Naime, u \u010detvrtak 26. 10. doputovali su Slovenske Konjice gdje su posjetili ZOO LAND, zoolo\u0161ki vrt i tematski park u kojem su se upoznali sa \u017eivotinjama i njihovim [&hellip;]\" \/>\n<meta property=\"og:url\" content=\"https:\/\/osnovna-skola-donja-stubica.hr\/wp\/izvanucionicka-nastava-7\/\" \/>\n<meta property=\"og:site_name\" content=\"O\u0160 Donja Stubica\" \/>\n<meta property=\"article:published_time\" content=\"2023-10-30T16:44:54+00:00\" \/>\n<meta property=\"article:modified_time\" content=\"2023-10-30T16:44:55+00:00\" \/>\n<meta property=\"og:image\" content=\"https:\/\/osnovna-skola-donja-stubica.hr\/wp\/wp-content\/uploads\/2023\/10\/20231026_104652-scaled.jpg\" \/>\n<meta name=\"author\" content=\"manda\" \/>\n<meta name=\"twitter:card\" content=\"summary_large_image\" \/>\n<meta name=\"twitter:label1\" content=\"Napisao\/la\" \/>\n\t<meta name=\"twitter:data1\" content=\"manda\" \/>\n\t<meta name=\"twitter:label2\" content=\"Procijenjeno vrijeme \u010ditanja\" \/>\n\t<meta name=\"twitter:data2\" content=\"3 minute\" \/>\n<script type=\"application\/ld+json\" class=\"yoast-schema-graph\">{\"@context\":\"https:\/\/schema.org\",\"@graph\":[{\"@type\":\"WebPage\",\"@id\":\"https:\/\/osnovna-skola-donja-stubica.hr\/wp\/izvanucionicka-nastava-7\/\",\"url\":\"https:\/\/osnovna-skola-donja-stubica.hr\/wp\/izvanucionicka-nastava-7\/\",\"name\":\"Izvanu\u010dioni\u010dka nastava - O\u0160 Donja Stubica\",\"isPartOf\":{\"@id\":\"https:\/\/osnovna-skola-donja-stubica.hr\/wp\/#website\"},\"primaryImageOfPage\":{\"@id\":\"https:\/\/osnovna-skola-donja-stubica.hr\/wp\/izvanucionicka-nastava-7\/#primaryimage\"},\"image\":{\"@id\":\"https:\/\/osnovna-skola-donja-stubica.hr\/wp\/izvanucionicka-nastava-7\/#primaryimage\"},\"thumbnailUrl\":\"https:\/\/osnovna-skola-donja-stubica.hr\/wp\/wp-content\/uploads\/2023\/10\/20231026_104652-scaled.jpg\",\"datePublished\":\"2023-10-30T16:44:54+00:00\",\"dateModified\":\"2023-10-30T16:44:55+00:00\",\"author\":{\"@id\":\"https:\/\/osnovna-skola-donja-stubica.hr\/wp\/#\/schema\/person\/a7a4d6f273cf19e7d01df9f64d3452e3\"},\"breadcrumb\":{\"@id\":\"https:\/\/osnovna-skola-donja-stubica.hr\/wp\/izvanucionicka-nastava-7\/#breadcrumb\"},\"inLanguage\":\"hr\",\"potentialAction\":[{\"@type\":\"ReadAction\",\"target\":[\"https:\/\/osnovna-skola-donja-stubica.hr\/wp\/izvanucionicka-nastava-7\/\"]}]},{\"@type\":\"ImageObject\",\"inLanguage\":\"hr\",\"@id\":\"https:\/\/osnovna-skola-donja-stubica.hr\/wp\/izvanucionicka-nastava-7\/#primaryimage\",\"url\":\"https:\/\/osnovna-skola-donja-stubica.hr\/wp\/wp-content\/uploads\/2023\/10\/20231026_104652-scaled.jpg\",\"contentUrl\":\"https:\/\/osnovna-skola-donja-stubica.hr\/wp\/wp-content\/uploads\/2023\/10\/20231026_104652-scaled.jpg\",\"width\":2560,\"height\":2560},{\"@type\":\"BreadcrumbList\",\"@id\":\"https:\/\/osnovna-skola-donja-stubica.hr\/wp\/izvanucionicka-nastava-7\/#breadcrumb\",\"itemListElement\":[{\"@type\":\"ListItem\",\"position\":1,\"name\":\"Po\u010detna stranica\",\"item\":\"https:\/\/osnovna-skola-donja-stubica.hr\/wp\/\"},{\"@type\":\"ListItem\",\"position\":2,\"name\":\"Izvanu\u010dioni\u010dka nastava\"}]},{\"@type\":\"WebSite\",\"@id\":\"https:\/\/osnovna-skola-donja-stubica.hr\/wp\/#website\",\"url\":\"https:\/\/osnovna-skola-donja-stubica.hr\/wp\/\",\"name\":\"O\u0160 Donja Stubica\",\"description\":\"\",\"potentialAction\":[{\"@type\":\"SearchAction\",\"target\":{\"@type\":\"EntryPoint\",\"urlTemplate\":\"https:\/\/osnovna-skola-donja-stubica.hr\/wp\/?s={search_term_string}\"},\"query-input\":\"required name=search_term_string\"}],\"inLanguage\":\"hr\"},{\"@type\":\"Person\",\"@id\":\"https:\/\/osnovna-skola-donja-stubica.hr\/wp\/#\/schema\/person\/a7a4d6f273cf19e7d01df9f64d3452e3\",\"name\":\"manda\",\"image\":{\"@type\":\"ImageObject\",\"inLanguage\":\"hr\",\"@id\":\"https:\/\/osnovna-skola-donja-stubica.hr\/wp\/#\/schema\/person\/image\/\",\"url\":\"https:\/\/secure.gravatar.com\/avatar\/3310965ab1fce53ef05acd887a75d776?s=96&d=mm&r=g\",\"contentUrl\":\"https:\/\/secure.gravatar.com\/avatar\/3310965ab1fce53ef05acd887a75d776?s=96&d=mm&r=g\",\"caption\":\"manda\"}}]}<\/script>\n<!-- \/ Yoast SEO plugin. -->","yoast_head_json":{"title":"Izvanu\u010dioni\u010dka nastava - O\u0160 Donja Stubica","robots":{"index":"index","follow":"follow","max-snippet":"max-snippet:-1","max-image-preview":"max-image-preview:large","max-video-preview":"max-video-preview:-1"},"canonical":"https:\/\/osnovna-skola-donja-stubica.hr\/wp\/izvanucionicka-nastava-7\/","og_locale":"hr_HR","og_type":"article","og_title":"Izvanu\u010dioni\u010dka nastava - O\u0160 Donja Stubica","og_description":"Maribor izvana i iznutra Izvanu\u010dioni\u010dna nastava \u0161estih razreda u Sloveniji U\u010denici su \u0161estih razreda kraj listopada odlu\u010dili posvetiti u\u010denju na terenu, i to ovaj put u Sloveniji. Naime, u \u010detvrtak 26. 10. doputovali su Slovenske Konjice gdje su posjetili ZOO LAND, zoolo\u0161ki vrt i tematski park u kojem su se upoznali sa \u017eivotinjama i njihovim [&hellip;]","og_url":"https:\/\/osnovna-skola-donja-stubica.hr\/wp\/izvanucionicka-nastava-7\/","og_site_name":"O\u0160 Donja Stubica","article_published_time":"2023-10-30T16:44:54+00:00","article_modified_time":"2023-10-30T16:44:55+00:00","og_image":[{"url":"https:\/\/osnovna-skola-donja-stubica.hr\/wp\/wp-content\/uploads\/2023\/10\/20231026_104652-scaled.jpg"}],"author":"manda","twitter_card":"summary_large_image","twitter_misc":{"Napisao\/la":"manda","Procijenjeno vrijeme \u010ditanja":"3 minute"},"schema":{"@context":"https:\/\/schema.org","@graph":[{"@type":"WebPage","@id":"https:\/\/osnovna-skola-donja-stubica.hr\/wp\/izvanucionicka-nastava-7\/","url":"https:\/\/osnovna-skola-donja-stubica.hr\/wp\/izvanucionicka-nastava-7\/","name":"Izvanu\u010dioni\u010dka nastava - O\u0160 Donja Stubica","isPartOf":{"@id":"https:\/\/osnovna-skola-donja-stubica.hr\/wp\/#website"},"primaryImageOfPage":{"@id":"https:\/\/osnovna-skola-donja-stubica.hr\/wp\/izvanucionicka-nastava-7\/#primaryimage"},"image":{"@id":"https:\/\/osnovna-skola-donja-stubica.hr\/wp\/izvanucionicka-nastava-7\/#primaryimage"},"thumbnailUrl":"https:\/\/osnovna-skola-donja-stubica.hr\/wp\/wp-content\/uploads\/2023\/10\/20231026_104652-scaled.jpg","datePublished":"2023-10-30T16:44:54+00:00","dateModified":"2023-10-30T16:44:55+00:00","author":{"@id":"https:\/\/osnovna-skola-donja-stubica.hr\/wp\/#\/schema\/person\/a7a4d6f273cf19e7d01df9f64d3452e3"},"breadcrumb":{"@id":"https:\/\/osnovna-skola-donja-stubica.hr\/wp\/izvanucionicka-nastava-7\/#breadcrumb"},"inLanguage":"hr","potentialAction":[{"@type":"ReadAction","target":["https:\/\/osnovna-skola-donja-stubica.hr\/wp\/izvanucionicka-nastava-7\/"]}]},{"@type":"ImageObject","inLanguage":"hr","@id":"https:\/\/osnovna-skola-donja-stubica.hr\/wp\/izvanucionicka-nastava-7\/#primaryimage","url":"https:\/\/osnovna-skola-donja-stubica.hr\/wp\/wp-content\/uploads\/2023\/10\/20231026_104652-scaled.jpg","contentUrl":"https:\/\/osnovna-skola-donja-stubica.hr\/wp\/wp-content\/uploads\/2023\/10\/20231026_104652-scaled.jpg","width":2560,"height":2560},{"@type":"BreadcrumbList","@id":"https:\/\/osnovna-skola-donja-stubica.hr\/wp\/izvanucionicka-nastava-7\/#breadcrumb","itemListElement":[{"@type":"ListItem","position":1,"name":"Po\u010detna stranica","item":"https:\/\/osnovna-skola-donja-stubica.hr\/wp\/"},{"@type":"ListItem","position":2,"name":"Izvanu\u010dioni\u010dka nastava"}]},{"@type":"WebSite","@id":"https:\/\/osnovna-skola-donja-stubica.hr\/wp\/#website","url":"https:\/\/osnovna-skola-donja-stubica.hr\/wp\/","name":"O\u0160 Donja Stubica","description":"","potentialAction":[{"@type":"SearchAction","target":{"@type":"EntryPoint","urlTemplate":"https:\/\/osnovna-skola-donja-stubica.hr\/wp\/?s={search_term_string}"},"query-input":"required name=search_term_string"}],"inLanguage":"hr"},{"@type":"Person","@id":"https:\/\/osnovna-skola-donja-stubica.hr\/wp\/#\/schema\/person\/a7a4d6f273cf19e7d01df9f64d3452e3","name":"manda","image":{"@type":"ImageObject","inLanguage":"hr","@id":"https:\/\/osnovna-skola-donja-stubica.hr\/wp\/#\/schema\/person\/image\/","url":"https:\/\/secure.gravatar.com\/avatar\/3310965ab1fce53ef05acd887a75d776?s=96&d=mm&r=g","contentUrl":"https:\/\/secure.gravatar.com\/avatar\/3310965ab1fce53ef05acd887a75d776?s=96&d=mm&r=g","caption":"manda"}}]}},"jetpack_featured_media_url":"","jetpack_sharing_enabled":true,"jetpack-related-posts":[],"jetpack_shortlink":"https:\/\/wp.me\/p7YpPR-2km","_links":{"self":[{"href":"https:\/\/osnovna-skola-donja-stubica.hr\/wp\/wp-json\/wp\/v2\/posts\/8950"}],"collection":[{"href":"https:\/\/osnovna-skola-donja-stubica.hr\/wp\/wp-json\/wp\/v2\/posts"}],"about":[{"href":"https:\/\/osnovna-skola-donja-stubica.hr\/wp\/wp-json\/wp\/v2\/types\/post"}],"author":[{"embeddable":true,"href":"https:\/\/osnovna-skola-donja-stubica.hr\/wp\/wp-json\/wp\/v2\/users\/4"}],"replies":[{"embeddable":true,"href":"https:\/\/osnovna-skola-donja-stubica.hr\/wp\/wp-json\/wp\/v2\/comments?post=8950"}],"version-history":[{"count":2,"href":"https:\/\/osnovna-skola-donja-stubica.hr\/wp\/wp-json\/wp\/v2\/posts\/8950\/revisions"}],"predecessor-version":[{"id":8962,"href":"https:\/\/osnovna-skola-donja-stubica.hr\/wp\/wp-json\/wp\/v2\/posts\/8950\/revisions\/8962"}],"wp:attachment":[{"href":"https:\/\/osnovna-skola-donja-stubica.hr\/wp\/wp-json\/wp\/v2\/media?parent=8950"}],"wp:term":[{"taxonomy":"category","embeddable":true,"href":"https:\/\/osnovna-skola-donja-stubica.hr\/wp\/wp-json\/wp\/v2\/categories?post=8950"},{"taxonomy":"post_tag","embeddable":true,"href":"https:\/\/osnovna-skola-donja-stubica.hr\/wp\/wp-json\/wp\/v2\/tags?post=8950"}],"curies":[{"name":"wp","href":"https:\/\/api.w.org\/{rel}","templated":true}]}}