{"id":9152,"date":"2023-12-11T17:54:08","date_gmt":"2023-12-11T16:54:08","guid":{"rendered":"https:\/\/osnovna-skola-donja-stubica.hr\/wp\/?p=9152"},"modified":"2023-12-11T17:54:55","modified_gmt":"2023-12-11T16:54:55","slug":"dogadanja-651","status":"publish","type":"post","link":"https:\/\/osnovna-skola-donja-stubica.hr\/wp\/dogadanja-651\/","title":{"rendered":"Doga\u0111anja"},"content":{"rendered":"\n<figure class=\"wp-block-image size-full is-resized\"><img data-attachment-id=\"9155\" data-permalink=\"https:\/\/osnovna-skola-donja-stubica.hr\/wp\/dogadanja-651\/sveti-nikola\/\" data-orig-file=\"https:\/\/osnovna-skola-donja-stubica.hr\/wp\/wp-content\/uploads\/2023\/12\/Sveti-Nikola.jpg\" data-orig-size=\"450,450\" data-comments-opened=\"0\" data-image-meta=\"{&quot;aperture&quot;:&quot;0&quot;,&quot;credit&quot;:&quot;&quot;,&quot;camera&quot;:&quot;&quot;,&quot;caption&quot;:&quot;&quot;,&quot;created_timestamp&quot;:&quot;0&quot;,&quot;copyright&quot;:&quot;&quot;,&quot;focal_length&quot;:&quot;0&quot;,&quot;iso&quot;:&quot;0&quot;,&quot;shutter_speed&quot;:&quot;0&quot;,&quot;title&quot;:&quot;&quot;,&quot;orientation&quot;:&quot;0&quot;}\" data-image-title=\"Sveti-Nikola\" data-image-description=\"\" data-image-caption=\"\" data-medium-file=\"https:\/\/osnovna-skola-donja-stubica.hr\/wp\/wp-content\/uploads\/2023\/12\/Sveti-Nikola-300x300.jpg\" data-large-file=\"https:\/\/osnovna-skola-donja-stubica.hr\/wp\/wp-content\/uploads\/2023\/12\/Sveti-Nikola.jpg\" decoding=\"async\" loading=\"lazy\" width=\"450\" height=\"450\" src=\"https:\/\/osnovna-skola-donja-stubica.hr\/wp\/wp-content\/uploads\/2023\/12\/Sveti-Nikola.jpg\" alt=\"\" class=\"wp-image-9155\" style=\"aspect-ratio:1;object-fit:cover;width:146px;height:auto\" srcset=\"https:\/\/osnovna-skola-donja-stubica.hr\/wp\/wp-content\/uploads\/2023\/12\/Sveti-Nikola.jpg 450w, https:\/\/osnovna-skola-donja-stubica.hr\/wp\/wp-content\/uploads\/2023\/12\/Sveti-Nikola-300x300.jpg 300w, https:\/\/osnovna-skola-donja-stubica.hr\/wp\/wp-content\/uploads\/2023\/12\/Sveti-Nikola-150x150.jpg 150w, https:\/\/osnovna-skola-donja-stubica.hr\/wp\/wp-content\/uploads\/2023\/12\/Sveti-Nikola-50x50.jpg 50w\" sizes=\"(max-width: 450px) 100vw, 450px\" \/><\/figure>\n\n\n\n<h2 class=\"wp-block-heading\">Sveti Nikola u na\u0161oj \u0161koli<\/h2>\n\n\n\n<h4 class=\"wp-block-heading\">U srijedu 6.12.2023. na\u0161u je \u0161kolu posjetilo \u010dudno, neobi\u010dno i veselo dru\u0161tvo!<\/h4>\n\n\n\n<p>Svi smo doma do\u010dekali sv. Nikolu. Nismo znali je li s njim bio i Krampus!<\/p>\n\n\n\n<p>U \u0161koli se tako\u0111er doga\u0111alo ne\u0161to neobi\u010dno &#8211; kako u jutarnjoj, tako i u poslijepodnevnoj smjeni.<\/p>\n\n\n\n<p>U\u010dionice nikada nisu bile redom sve zaklju\u010dane. Oslu\u0161kivali smo zvukove, pitali jedni druge o \u010demu se radi, sve dok zajedno s u\u010diteljicama nismo otklju\u010dali u\u010dionice.<\/p>\n\n\n\n<p>Na stolu su nas do\u010dekali paketi\u0107i sv. Nikole koje nam je ostavio tijekom no\u0107i. To su nam bili najsla\u0111i paketi\u0107i!<\/p>\n\n\n\n<p>U jednom je razredu sv. Nikola ostavio pismo. Pro\u010ditajte ga i vi! Znate li \u0161to nam je bilo najsmje\u0161nije? U povjerenju, Krampus ne zna pisati!<\/p>\n\n\n\n<!--more-->\n\n\n\n<div style=\"height:20px\" aria-hidden=\"true\" class=\"wp-block-spacer\"><\/div>\n\n\n\n<h4 class=\"wp-block-heading\">Pismo svetog Nikole<\/h4>\n\n\n\n<p><strong>Dragi moji,<br>umoran sam vam jako,<br>cijelu no\u0107 sam od prozora do prozora skako!<\/strong><\/p>\n\n\n\n<p><strong>Moram vam re\u0107i da mi nije bilo lako!<br>Nego\u2026 pratim vas u va\u0161em razredu, tajno,<br>sretan sam jer se pona\u0161ate sjajno!<\/strong><\/p>\n\n\n\n<p><strong>Istina da se trebate za mnogo toga jo\u0161 pomu\u010diti<br>i mnoge stvari nau\u010diti!<\/strong><\/p>\n\n\n\n<p><strong>Krenuli ste s osmijehom u svoj novi svijet,<br>svatko od vas postat \u0107e jedan poseban cvijet!<\/strong><\/p>\n\n\n\n<p><strong>Prijatelju i dalje ruku pru\u017ei,<br>sa svakim se igraj i dru\u017ei!<\/strong><\/p>\n\n\n\n<p><strong>Red je da vas nagradim<br>i da vam se za sve nekako odu\u017eim!<\/strong><\/p>\n\n\n\n<p><strong>Krampus me je gnjavio,<br>\u0161ibe na prozor stavio.<br>Skakao je, ritao se i okolo skitao.<br>Ponekad me od njega i glava zaboli,<br>trudim se ostaviti ga u nekoj \u0161koli<br>da i on kona\u010dno ne\u0161to lijepo zna!<\/strong><\/p>\n\n\n\n<p><strong>Da ne vi\u010de samo \u2013 \u0161iibaaa, kaaznaa, \u0161iibaaa, kaaznaa\u2026!!!<\/strong><\/p>\n\n\n\n<p><strong>Pisati on ne zna nijedno slovo,<br>ali uvjeriti me \u017eeli da je otkrio neko slovo novo!<\/strong><\/p>\n\n\n\n<p><strong>Uz poklone iz moje vre\u0107e<br>\u017eelim vam u svemu \u0161to radite, puno radosti i sre\u0107e!<br>Budite dobri i dragi, kakvi ste i dosad bili,<br>takvi ste mi posebno srcu mili!<br>Neka bude svima zdravlja i sre\u0107e,<br>idu\u0107e godine bit \u0107e opet pune moje vre\u0107e!<\/strong><\/p>\n\n\n\n<p><strong>(Ovaj Krampus se ludira,<br>misli da pjeva i svira,<br>a ustvari samo kme\u010di!<br>Zavr\u0161it \u0107e jo\u0161 danas u mojoj praznoj vre\u0107i!)<\/strong><\/p>\n\n\n\n<p class=\"has-text-align-center\"><strong>Va\u0161 sveti Nikola<\/strong><\/p>\n\n\n\n<figure class=\"wp-block-gallery has-nested-images columns-default is-cropped wp-block-gallery-1 is-layout-flex wp-block-gallery-is-layout-flex\">\n<figure class=\"wp-block-image size-full\"><img data-attachment-id=\"9153\" data-permalink=\"https:\/\/osnovna-skola-donja-stubica.hr\/wp\/dogadanja-651\/whatsapp-image-2023-12-10-at-18-09-21\/\" data-orig-file=\"https:\/\/osnovna-skola-donja-stubica.hr\/wp\/wp-content\/uploads\/2023\/12\/WhatsApp-Image-2023-12-10-at-18.09.21.jpeg\" data-orig-size=\"2048,2048\" data-comments-opened=\"0\" data-image-meta=\"{&quot;aperture&quot;:&quot;0&quot;,&quot;credit&quot;:&quot;&quot;,&quot;camera&quot;:&quot;&quot;,&quot;caption&quot;:&quot;&quot;,&quot;created_timestamp&quot;:&quot;0&quot;,&quot;copyright&quot;:&quot;&quot;,&quot;focal_length&quot;:&quot;0&quot;,&quot;iso&quot;:&quot;0&quot;,&quot;shutter_speed&quot;:&quot;0&quot;,&quot;title&quot;:&quot;&quot;,&quot;orientation&quot;:&quot;0&quot;}\" data-image-title=\"WhatsApp-Image-2023-12-10-at-18.09.21\" data-image-description=\"\" data-image-caption=\"\" data-medium-file=\"https:\/\/osnovna-skola-donja-stubica.hr\/wp\/wp-content\/uploads\/2023\/12\/WhatsApp-Image-2023-12-10-at-18.09.21-300x300.jpeg\" data-large-file=\"https:\/\/osnovna-skola-donja-stubica.hr\/wp\/wp-content\/uploads\/2023\/12\/WhatsApp-Image-2023-12-10-at-18.09.21-1024x1024.jpeg\" decoding=\"async\" loading=\"lazy\" width=\"2048\" height=\"2048\" data-id=\"9153\" src=\"https:\/\/osnovna-skola-donja-stubica.hr\/wp\/wp-content\/uploads\/2023\/12\/WhatsApp-Image-2023-12-10-at-18.09.21.jpeg\" alt=\"\" class=\"wp-image-9153\" srcset=\"https:\/\/osnovna-skola-donja-stubica.hr\/wp\/wp-content\/uploads\/2023\/12\/WhatsApp-Image-2023-12-10-at-18.09.21.jpeg 2048w, https:\/\/osnovna-skola-donja-stubica.hr\/wp\/wp-content\/uploads\/2023\/12\/WhatsApp-Image-2023-12-10-at-18.09.21-300x300.jpeg 300w, https:\/\/osnovna-skola-donja-stubica.hr\/wp\/wp-content\/uploads\/2023\/12\/WhatsApp-Image-2023-12-10-at-18.09.21-1024x1024.jpeg 1024w, https:\/\/osnovna-skola-donja-stubica.hr\/wp\/wp-content\/uploads\/2023\/12\/WhatsApp-Image-2023-12-10-at-18.09.21-150x150.jpeg 150w, https:\/\/osnovna-skola-donja-stubica.hr\/wp\/wp-content\/uploads\/2023\/12\/WhatsApp-Image-2023-12-10-at-18.09.21-768x768.jpeg 768w, https:\/\/osnovna-skola-donja-stubica.hr\/wp\/wp-content\/uploads\/2023\/12\/WhatsApp-Image-2023-12-10-at-18.09.21-1536x1536.jpeg 1536w, https:\/\/osnovna-skola-donja-stubica.hr\/wp\/wp-content\/uploads\/2023\/12\/WhatsApp-Image-2023-12-10-at-18.09.21-50x50.jpeg 50w\" sizes=\"(max-width: 2048px) 100vw, 2048px\" \/><\/figure>\n\n\n\n<figure class=\"wp-block-image size-full\"><img data-attachment-id=\"9154\" data-permalink=\"https:\/\/osnovna-skola-donja-stubica.hr\/wp\/dogadanja-651\/whatsapp-image-2023-12-10-at-18-09-51\/\" data-orig-file=\"https:\/\/osnovna-skola-donja-stubica.hr\/wp\/wp-content\/uploads\/2023\/12\/WhatsApp-Image-2023-12-10-at-18.09.51.jpeg\" data-orig-size=\"1152,2048\" data-comments-opened=\"0\" data-image-meta=\"{&quot;aperture&quot;:&quot;0&quot;,&quot;credit&quot;:&quot;&quot;,&quot;camera&quot;:&quot;&quot;,&quot;caption&quot;:&quot;&quot;,&quot;created_timestamp&quot;:&quot;0&quot;,&quot;copyright&quot;:&quot;&quot;,&quot;focal_length&quot;:&quot;0&quot;,&quot;iso&quot;:&quot;0&quot;,&quot;shutter_speed&quot;:&quot;0&quot;,&quot;title&quot;:&quot;&quot;,&quot;orientation&quot;:&quot;0&quot;}\" data-image-title=\"WhatsApp-Image-2023-12-10-at-18.09.51\" data-image-description=\"\" data-image-caption=\"\" data-medium-file=\"https:\/\/osnovna-skola-donja-stubica.hr\/wp\/wp-content\/uploads\/2023\/12\/WhatsApp-Image-2023-12-10-at-18.09.51-169x300.jpeg\" data-large-file=\"https:\/\/osnovna-skola-donja-stubica.hr\/wp\/wp-content\/uploads\/2023\/12\/WhatsApp-Image-2023-12-10-at-18.09.51-576x1024.jpeg\" decoding=\"async\" loading=\"lazy\" width=\"1152\" height=\"2048\" data-id=\"9154\" src=\"https:\/\/osnovna-skola-donja-stubica.hr\/wp\/wp-content\/uploads\/2023\/12\/WhatsApp-Image-2023-12-10-at-18.09.51.jpeg\" alt=\"\" class=\"wp-image-9154\" srcset=\"https:\/\/osnovna-skola-donja-stubica.hr\/wp\/wp-content\/uploads\/2023\/12\/WhatsApp-Image-2023-12-10-at-18.09.51.jpeg 1152w, https:\/\/osnovna-skola-donja-stubica.hr\/wp\/wp-content\/uploads\/2023\/12\/WhatsApp-Image-2023-12-10-at-18.09.51-169x300.jpeg 169w, https:\/\/osnovna-skola-donja-stubica.hr\/wp\/wp-content\/uploads\/2023\/12\/WhatsApp-Image-2023-12-10-at-18.09.51-576x1024.jpeg 576w, https:\/\/osnovna-skola-donja-stubica.hr\/wp\/wp-content\/uploads\/2023\/12\/WhatsApp-Image-2023-12-10-at-18.09.51-768x1365.jpeg 768w, https:\/\/osnovna-skola-donja-stubica.hr\/wp\/wp-content\/uploads\/2023\/12\/WhatsApp-Image-2023-12-10-at-18.09.51-864x1536.jpeg 864w\" sizes=\"(max-width: 1152px) 100vw, 1152px\" \/><\/figure>\n<\/figure>\n","protected":false},"excerpt":{"rendered":"<p>Sveti Nikola u na\u0161oj \u0161koli U srijedu 6.12.2023. na\u0161u je \u0161kolu posjetilo \u010dudno, neobi\u010dno i veselo dru\u0161tvo! Svi smo doma do\u010dekali sv. Nikolu. Nismo znali je li s njim bio i Krampus! U \u0161koli se tako\u0111er doga\u0111alo ne\u0161to neobi\u010dno &#8211; kako u jutarnjoj, tako i u poslijepodnevnoj smjeni. U\u010dionice nikada nisu bile redom sve zaklju\u010dane. [&hellip;]<\/p>\n","protected":false},"author":4,"featured_media":0,"comment_status":"closed","ping_status":"open","sticky":false,"template":"","format":"standard","meta":{"footnotes":"","_jetpack_memberships_contains_paid_content":false},"categories":[2],"tags":[],"yoast_head":"<!-- This site is optimized with the Yoast SEO plugin v22.6 - https:\/\/yoast.com\/wordpress\/plugins\/seo\/ -->\n<title>Doga\u0111anja - O\u0160 Donja Stubica<\/title>\n<meta name=\"robots\" content=\"index, follow, max-snippet:-1, max-image-preview:large, max-video-preview:-1\" \/>\n<link rel=\"canonical\" href=\"https:\/\/osnovna-skola-donja-stubica.hr\/wp\/dogadanja-651\/\" \/>\n<meta property=\"og:locale\" content=\"hr_HR\" \/>\n<meta property=\"og:type\" content=\"article\" \/>\n<meta property=\"og:title\" content=\"Doga\u0111anja - O\u0160 Donja Stubica\" \/>\n<meta property=\"og:description\" content=\"Sveti Nikola u na\u0161oj \u0161koli U srijedu 6.12.2023. na\u0161u je \u0161kolu posjetilo \u010dudno, neobi\u010dno i veselo dru\u0161tvo! Svi smo doma do\u010dekali sv. Nikolu. Nismo znali je li s njim bio i Krampus! U \u0161koli se tako\u0111er doga\u0111alo ne\u0161to neobi\u010dno &#8211; kako u jutarnjoj, tako i u poslijepodnevnoj smjeni. U\u010dionice nikada nisu bile redom sve zaklju\u010dane. [&hellip;]\" \/>\n<meta property=\"og:url\" content=\"https:\/\/osnovna-skola-donja-stubica.hr\/wp\/dogadanja-651\/\" \/>\n<meta property=\"og:site_name\" content=\"O\u0160 Donja Stubica\" \/>\n<meta property=\"article:published_time\" content=\"2023-12-11T16:54:08+00:00\" \/>\n<meta property=\"article:modified_time\" content=\"2023-12-11T16:54:55+00:00\" \/>\n<meta property=\"og:image\" content=\"https:\/\/osnovna-skola-donja-stubica.hr\/wp\/wp-content\/uploads\/2023\/12\/Sveti-Nikola.jpg\" \/>\n<meta name=\"author\" content=\"manda\" \/>\n<meta name=\"twitter:card\" content=\"summary_large_image\" \/>\n<meta name=\"twitter:label1\" content=\"Napisao\/la\" \/>\n\t<meta name=\"twitter:data1\" content=\"manda\" \/>\n\t<meta name=\"twitter:label2\" content=\"Procijenjeno vrijeme \u010ditanja\" \/>\n\t<meta name=\"twitter:data2\" content=\"3 minute\" \/>\n<script type=\"application\/ld+json\" class=\"yoast-schema-graph\">{\"@context\":\"https:\/\/schema.org\",\"@graph\":[{\"@type\":\"WebPage\",\"@id\":\"https:\/\/osnovna-skola-donja-stubica.hr\/wp\/dogadanja-651\/\",\"url\":\"https:\/\/osnovna-skola-donja-stubica.hr\/wp\/dogadanja-651\/\",\"name\":\"Doga\u0111anja - O\u0160 Donja Stubica\",\"isPartOf\":{\"@id\":\"https:\/\/osnovna-skola-donja-stubica.hr\/wp\/#website\"},\"primaryImageOfPage\":{\"@id\":\"https:\/\/osnovna-skola-donja-stubica.hr\/wp\/dogadanja-651\/#primaryimage\"},\"image\":{\"@id\":\"https:\/\/osnovna-skola-donja-stubica.hr\/wp\/dogadanja-651\/#primaryimage\"},\"thumbnailUrl\":\"https:\/\/osnovna-skola-donja-stubica.hr\/wp\/wp-content\/uploads\/2023\/12\/Sveti-Nikola.jpg\",\"datePublished\":\"2023-12-11T16:54:08+00:00\",\"dateModified\":\"2023-12-11T16:54:55+00:00\",\"author\":{\"@id\":\"https:\/\/osnovna-skola-donja-stubica.hr\/wp\/#\/schema\/person\/a7a4d6f273cf19e7d01df9f64d3452e3\"},\"breadcrumb\":{\"@id\":\"https:\/\/osnovna-skola-donja-stubica.hr\/wp\/dogadanja-651\/#breadcrumb\"},\"inLanguage\":\"hr\",\"potentialAction\":[{\"@type\":\"ReadAction\",\"target\":[\"https:\/\/osnovna-skola-donja-stubica.hr\/wp\/dogadanja-651\/\"]}]},{\"@type\":\"ImageObject\",\"inLanguage\":\"hr\",\"@id\":\"https:\/\/osnovna-skola-donja-stubica.hr\/wp\/dogadanja-651\/#primaryimage\",\"url\":\"https:\/\/osnovna-skola-donja-stubica.hr\/wp\/wp-content\/uploads\/2023\/12\/Sveti-Nikola.jpg\",\"contentUrl\":\"https:\/\/osnovna-skola-donja-stubica.hr\/wp\/wp-content\/uploads\/2023\/12\/Sveti-Nikola.jpg\",\"width\":450,\"height\":450},{\"@type\":\"BreadcrumbList\",\"@id\":\"https:\/\/osnovna-skola-donja-stubica.hr\/wp\/dogadanja-651\/#breadcrumb\",\"itemListElement\":[{\"@type\":\"ListItem\",\"position\":1,\"name\":\"Po\u010detna stranica\",\"item\":\"https:\/\/osnovna-skola-donja-stubica.hr\/wp\/\"},{\"@type\":\"ListItem\",\"position\":2,\"name\":\"Doga\u0111anja\"}]},{\"@type\":\"WebSite\",\"@id\":\"https:\/\/osnovna-skola-donja-stubica.hr\/wp\/#website\",\"url\":\"https:\/\/osnovna-skola-donja-stubica.hr\/wp\/\",\"name\":\"O\u0160 Donja Stubica\",\"description\":\"\",\"potentialAction\":[{\"@type\":\"SearchAction\",\"target\":{\"@type\":\"EntryPoint\",\"urlTemplate\":\"https:\/\/osnovna-skola-donja-stubica.hr\/wp\/?s={search_term_string}\"},\"query-input\":\"required name=search_term_string\"}],\"inLanguage\":\"hr\"},{\"@type\":\"Person\",\"@id\":\"https:\/\/osnovna-skola-donja-stubica.hr\/wp\/#\/schema\/person\/a7a4d6f273cf19e7d01df9f64d3452e3\",\"name\":\"manda\",\"image\":{\"@type\":\"ImageObject\",\"inLanguage\":\"hr\",\"@id\":\"https:\/\/osnovna-skola-donja-stubica.hr\/wp\/#\/schema\/person\/image\/\",\"url\":\"https:\/\/secure.gravatar.com\/avatar\/3310965ab1fce53ef05acd887a75d776?s=96&d=mm&r=g\",\"contentUrl\":\"https:\/\/secure.gravatar.com\/avatar\/3310965ab1fce53ef05acd887a75d776?s=96&d=mm&r=g\",\"caption\":\"manda\"}}]}<\/script>\n<!-- \/ Yoast SEO plugin. -->","yoast_head_json":{"title":"Doga\u0111anja - O\u0160 Donja Stubica","robots":{"index":"index","follow":"follow","max-snippet":"max-snippet:-1","max-image-preview":"max-image-preview:large","max-video-preview":"max-video-preview:-1"},"canonical":"https:\/\/osnovna-skola-donja-stubica.hr\/wp\/dogadanja-651\/","og_locale":"hr_HR","og_type":"article","og_title":"Doga\u0111anja - O\u0160 Donja Stubica","og_description":"Sveti Nikola u na\u0161oj \u0161koli U srijedu 6.12.2023. na\u0161u je \u0161kolu posjetilo \u010dudno, neobi\u010dno i veselo dru\u0161tvo! Svi smo doma do\u010dekali sv. Nikolu. Nismo znali je li s njim bio i Krampus! U \u0161koli se tako\u0111er doga\u0111alo ne\u0161to neobi\u010dno &#8211; kako u jutarnjoj, tako i u poslijepodnevnoj smjeni. U\u010dionice nikada nisu bile redom sve zaklju\u010dane. [&hellip;]","og_url":"https:\/\/osnovna-skola-donja-stubica.hr\/wp\/dogadanja-651\/","og_site_name":"O\u0160 Donja Stubica","article_published_time":"2023-12-11T16:54:08+00:00","article_modified_time":"2023-12-11T16:54:55+00:00","og_image":[{"url":"https:\/\/osnovna-skola-donja-stubica.hr\/wp\/wp-content\/uploads\/2023\/12\/Sveti-Nikola.jpg"}],"author":"manda","twitter_card":"summary_large_image","twitter_misc":{"Napisao\/la":"manda","Procijenjeno vrijeme \u010ditanja":"3 minute"},"schema":{"@context":"https:\/\/schema.org","@graph":[{"@type":"WebPage","@id":"https:\/\/osnovna-skola-donja-stubica.hr\/wp\/dogadanja-651\/","url":"https:\/\/osnovna-skola-donja-stubica.hr\/wp\/dogadanja-651\/","name":"Doga\u0111anja - O\u0160 Donja Stubica","isPartOf":{"@id":"https:\/\/osnovna-skola-donja-stubica.hr\/wp\/#website"},"primaryImageOfPage":{"@id":"https:\/\/osnovna-skola-donja-stubica.hr\/wp\/dogadanja-651\/#primaryimage"},"image":{"@id":"https:\/\/osnovna-skola-donja-stubica.hr\/wp\/dogadanja-651\/#primaryimage"},"thumbnailUrl":"https:\/\/osnovna-skola-donja-stubica.hr\/wp\/wp-content\/uploads\/2023\/12\/Sveti-Nikola.jpg","datePublished":"2023-12-11T16:54:08+00:00","dateModified":"2023-12-11T16:54:55+00:00","author":{"@id":"https:\/\/osnovna-skola-donja-stubica.hr\/wp\/#\/schema\/person\/a7a4d6f273cf19e7d01df9f64d3452e3"},"breadcrumb":{"@id":"https:\/\/osnovna-skola-donja-stubica.hr\/wp\/dogadanja-651\/#breadcrumb"},"inLanguage":"hr","potentialAction":[{"@type":"ReadAction","target":["https:\/\/osnovna-skola-donja-stubica.hr\/wp\/dogadanja-651\/"]}]},{"@type":"ImageObject","inLanguage":"hr","@id":"https:\/\/osnovna-skola-donja-stubica.hr\/wp\/dogadanja-651\/#primaryimage","url":"https:\/\/osnovna-skola-donja-stubica.hr\/wp\/wp-content\/uploads\/2023\/12\/Sveti-Nikola.jpg","contentUrl":"https:\/\/osnovna-skola-donja-stubica.hr\/wp\/wp-content\/uploads\/2023\/12\/Sveti-Nikola.jpg","width":450,"height":450},{"@type":"BreadcrumbList","@id":"https:\/\/osnovna-skola-donja-stubica.hr\/wp\/dogadanja-651\/#breadcrumb","itemListElement":[{"@type":"ListItem","position":1,"name":"Po\u010detna stranica","item":"https:\/\/osnovna-skola-donja-stubica.hr\/wp\/"},{"@type":"ListItem","position":2,"name":"Doga\u0111anja"}]},{"@type":"WebSite","@id":"https:\/\/osnovna-skola-donja-stubica.hr\/wp\/#website","url":"https:\/\/osnovna-skola-donja-stubica.hr\/wp\/","name":"O\u0160 Donja Stubica","description":"","potentialAction":[{"@type":"SearchAction","target":{"@type":"EntryPoint","urlTemplate":"https:\/\/osnovna-skola-donja-stubica.hr\/wp\/?s={search_term_string}"},"query-input":"required name=search_term_string"}],"inLanguage":"hr"},{"@type":"Person","@id":"https:\/\/osnovna-skola-donja-stubica.hr\/wp\/#\/schema\/person\/a7a4d6f273cf19e7d01df9f64d3452e3","name":"manda","image":{"@type":"ImageObject","inLanguage":"hr","@id":"https:\/\/osnovna-skola-donja-stubica.hr\/wp\/#\/schema\/person\/image\/","url":"https:\/\/secure.gravatar.com\/avatar\/3310965ab1fce53ef05acd887a75d776?s=96&d=mm&r=g","contentUrl":"https:\/\/secure.gravatar.com\/avatar\/3310965ab1fce53ef05acd887a75d776?s=96&d=mm&r=g","caption":"manda"}}]}},"jetpack_featured_media_url":"","jetpack_sharing_enabled":true,"jetpack-related-posts":[],"jetpack_shortlink":"https:\/\/wp.me\/p7YpPR-2nC","_links":{"self":[{"href":"https:\/\/osnovna-skola-donja-stubica.hr\/wp\/wp-json\/wp\/v2\/posts\/9152"}],"collection":[{"href":"https:\/\/osnovna-skola-donja-stubica.hr\/wp\/wp-json\/wp\/v2\/posts"}],"about":[{"href":"https:\/\/osnovna-skola-donja-stubica.hr\/wp\/wp-json\/wp\/v2\/types\/post"}],"author":[{"embeddable":true,"href":"https:\/\/osnovna-skola-donja-stubica.hr\/wp\/wp-json\/wp\/v2\/users\/4"}],"replies":[{"embeddable":true,"href":"https:\/\/osnovna-skola-donja-stubica.hr\/wp\/wp-json\/wp\/v2\/comments?post=9152"}],"version-history":[{"count":2,"href":"https:\/\/osnovna-skola-donja-stubica.hr\/wp\/wp-json\/wp\/v2\/posts\/9152\/revisions"}],"predecessor-version":[{"id":9157,"href":"https:\/\/osnovna-skola-donja-stubica.hr\/wp\/wp-json\/wp\/v2\/posts\/9152\/revisions\/9157"}],"wp:attachment":[{"href":"https:\/\/osnovna-skola-donja-stubica.hr\/wp\/wp-json\/wp\/v2\/media?parent=9152"}],"wp:term":[{"taxonomy":"category","embeddable":true,"href":"https:\/\/osnovna-skola-donja-stubica.hr\/wp\/wp-json\/wp\/v2\/categories?post=9152"},{"taxonomy":"post_tag","embeddable":true,"href":"https:\/\/osnovna-skola-donja-stubica.hr\/wp\/wp-json\/wp\/v2\/tags?post=9152"}],"curies":[{"name":"wp","href":"https:\/\/api.w.org\/{rel}","templated":true}]}}