{"id":9649,"date":"2024-03-24T21:03:23","date_gmt":"2024-03-24T20:03:23","guid":{"rendered":"https:\/\/osnovna-skola-donja-stubica.hr\/wp\/?p=9649"},"modified":"2024-03-24T21:04:47","modified_gmt":"2024-03-24T20:04:47","slug":"dogadanja-691","status":"publish","type":"post","link":"https:\/\/osnovna-skola-donja-stubica.hr\/wp\/dogadanja-691\/","title":{"rendered":"Doga\u0111anja"},"content":{"rendered":"\n<figure class=\"wp-block-image size-full is-resized\"><img data-attachment-id=\"9652\" data-permalink=\"https:\/\/osnovna-skola-donja-stubica.hr\/wp\/dogadanja-691\/image-11\/\" data-orig-file=\"https:\/\/osnovna-skola-donja-stubica.hr\/wp\/wp-content\/uploads\/2024\/03\/image-11.png\" data-orig-size=\"302,227\" data-comments-opened=\"0\" data-image-meta=\"{&quot;aperture&quot;:&quot;0&quot;,&quot;credit&quot;:&quot;&quot;,&quot;camera&quot;:&quot;&quot;,&quot;caption&quot;:&quot;&quot;,&quot;created_timestamp&quot;:&quot;0&quot;,&quot;copyright&quot;:&quot;&quot;,&quot;focal_length&quot;:&quot;0&quot;,&quot;iso&quot;:&quot;0&quot;,&quot;shutter_speed&quot;:&quot;0&quot;,&quot;title&quot;:&quot;&quot;,&quot;orientation&quot;:&quot;0&quot;}\" data-image-title=\"image-11\" data-image-description=\"\" data-image-caption=\"\" data-medium-file=\"https:\/\/osnovna-skola-donja-stubica.hr\/wp\/wp-content\/uploads\/2024\/03\/image-11-300x225.png\" data-large-file=\"https:\/\/osnovna-skola-donja-stubica.hr\/wp\/wp-content\/uploads\/2024\/03\/image-11.png\" decoding=\"async\" loading=\"lazy\" width=\"302\" height=\"227\" src=\"https:\/\/osnovna-skola-donja-stubica.hr\/wp\/wp-content\/uploads\/2024\/03\/image-11.png\" alt=\"\" class=\"wp-image-9652\" style=\"aspect-ratio:1.330396475770925;width:255px;height:auto\" srcset=\"https:\/\/osnovna-skola-donja-stubica.hr\/wp\/wp-content\/uploads\/2024\/03\/image-11.png 302w, https:\/\/osnovna-skola-donja-stubica.hr\/wp\/wp-content\/uploads\/2024\/03\/image-11-300x225.png 300w\" sizes=\"(max-width: 302px) 100vw, 302px\" \/><\/figure>\n\n\n\n<h2 class=\"wp-block-heading\">Svjetski i Europski tjedan novca<\/h2>\n\n\n\n<h4 class=\"wp-block-heading\">U periodu od 18. do 24. o\u017eujka 2024. godine obilje\u017eava se Svjetski i Europski tjedan novca.<\/h4>\n\n\n\n<h4 class=\"wp-block-heading\">Cilj obilje\u017eavanja Svjetskog i Europskog tjedna novca je financijskim obrazovanjem unaprijediti razinu financijske pismenosti i omogu\u0107iti djeci, mladima i gra\u0111anima stjecanje financijskih kompetencija koje su nu\u017ene u svakodnevnom privatnom i poslovnom \u017eivotu.<\/h4>\n\n\n\n<p>Za u\u010denike 8.b razreda, koji \u0107e ubrzo zakora\u010diti u svijet odraslih te raspolagati i vlastitim novcem, a ne samo d\u017eeparcem, predavanje je odr\u017eao gospodin Zlatko Pozai\u0107, direktor osiguravaju\u0107eg dru\u0161tva. U\u010denici su vrlo pozorno slu\u0161ali predavanje, pitali i raspravljali, kako bi u budu\u0107nosti donosili dobre i sigurne odluke u vezi osiguranja i raspolaganja novcem.<\/p>\n","protected":false},"excerpt":{"rendered":"<p>Svjetski i Europski tjedan novca U periodu od 18. do 24. o\u017eujka 2024. godine obilje\u017eava se Svjetski i Europski tjedan novca. Cilj obilje\u017eavanja Svjetskog i Europskog tjedna novca je financijskim obrazovanjem unaprijediti razinu financijske pismenosti i omogu\u0107iti djeci, mladima i gra\u0111anima stjecanje financijskih kompetencija koje su nu\u017ene u svakodnevnom privatnom i poslovnom \u017eivotu. Za u\u010denike [&hellip;]<\/p>\n","protected":false},"author":4,"featured_media":0,"comment_status":"closed","ping_status":"open","sticky":false,"template":"","format":"standard","meta":{"footnotes":"","_jetpack_memberships_contains_paid_content":false},"categories":[2],"tags":[],"yoast_head":"<!-- This site is optimized with the Yoast SEO plugin v22.6 - https:\/\/yoast.com\/wordpress\/plugins\/seo\/ -->\n<title>Doga\u0111anja - O\u0160 Donja Stubica<\/title>\n<meta name=\"robots\" content=\"index, follow, max-snippet:-1, max-image-preview:large, max-video-preview:-1\" \/>\n<link rel=\"canonical\" href=\"https:\/\/osnovna-skola-donja-stubica.hr\/wp\/dogadanja-691\/\" \/>\n<meta property=\"og:locale\" content=\"hr_HR\" \/>\n<meta property=\"og:type\" content=\"article\" \/>\n<meta property=\"og:title\" content=\"Doga\u0111anja - O\u0160 Donja Stubica\" \/>\n<meta property=\"og:description\" content=\"Svjetski i Europski tjedan novca U periodu od 18. do 24. o\u017eujka 2024. godine obilje\u017eava se Svjetski i Europski tjedan novca. Cilj obilje\u017eavanja Svjetskog i Europskog tjedna novca je financijskim obrazovanjem unaprijediti razinu financijske pismenosti i omogu\u0107iti djeci, mladima i gra\u0111anima stjecanje financijskih kompetencija koje su nu\u017ene u svakodnevnom privatnom i poslovnom \u017eivotu. Za u\u010denike [&hellip;]\" \/>\n<meta property=\"og:url\" content=\"https:\/\/osnovna-skola-donja-stubica.hr\/wp\/dogadanja-691\/\" \/>\n<meta property=\"og:site_name\" content=\"O\u0160 Donja Stubica\" \/>\n<meta property=\"article:published_time\" content=\"2024-03-24T20:03:23+00:00\" \/>\n<meta property=\"article:modified_time\" content=\"2024-03-24T20:04:47+00:00\" \/>\n<meta property=\"og:image\" content=\"https:\/\/osnovna-skola-donja-stubica.hr\/wp\/wp-content\/uploads\/2024\/03\/image-11.png\" \/>\n<meta name=\"author\" content=\"manda\" \/>\n<meta name=\"twitter:card\" content=\"summary_large_image\" \/>\n<meta name=\"twitter:label1\" content=\"Napisao\/la\" \/>\n\t<meta name=\"twitter:data1\" content=\"manda\" \/>\n\t<meta name=\"twitter:label2\" content=\"Procijenjeno vrijeme \u010ditanja\" \/>\n\t<meta name=\"twitter:data2\" content=\"1 minuta\" \/>\n<script type=\"application\/ld+json\" class=\"yoast-schema-graph\">{\"@context\":\"https:\/\/schema.org\",\"@graph\":[{\"@type\":\"WebPage\",\"@id\":\"https:\/\/osnovna-skola-donja-stubica.hr\/wp\/dogadanja-691\/\",\"url\":\"https:\/\/osnovna-skola-donja-stubica.hr\/wp\/dogadanja-691\/\",\"name\":\"Doga\u0111anja - O\u0160 Donja Stubica\",\"isPartOf\":{\"@id\":\"https:\/\/osnovna-skola-donja-stubica.hr\/wp\/#website\"},\"primaryImageOfPage\":{\"@id\":\"https:\/\/osnovna-skola-donja-stubica.hr\/wp\/dogadanja-691\/#primaryimage\"},\"image\":{\"@id\":\"https:\/\/osnovna-skola-donja-stubica.hr\/wp\/dogadanja-691\/#primaryimage\"},\"thumbnailUrl\":\"https:\/\/osnovna-skola-donja-stubica.hr\/wp\/wp-content\/uploads\/2024\/03\/image-11.png\",\"datePublished\":\"2024-03-24T20:03:23+00:00\",\"dateModified\":\"2024-03-24T20:04:47+00:00\",\"author\":{\"@id\":\"https:\/\/osnovna-skola-donja-stubica.hr\/wp\/#\/schema\/person\/a7a4d6f273cf19e7d01df9f64d3452e3\"},\"breadcrumb\":{\"@id\":\"https:\/\/osnovna-skola-donja-stubica.hr\/wp\/dogadanja-691\/#breadcrumb\"},\"inLanguage\":\"hr\",\"potentialAction\":[{\"@type\":\"ReadAction\",\"target\":[\"https:\/\/osnovna-skola-donja-stubica.hr\/wp\/dogadanja-691\/\"]}]},{\"@type\":\"ImageObject\",\"inLanguage\":\"hr\",\"@id\":\"https:\/\/osnovna-skola-donja-stubica.hr\/wp\/dogadanja-691\/#primaryimage\",\"url\":\"https:\/\/osnovna-skola-donja-stubica.hr\/wp\/wp-content\/uploads\/2024\/03\/image-11.png\",\"contentUrl\":\"https:\/\/osnovna-skola-donja-stubica.hr\/wp\/wp-content\/uploads\/2024\/03\/image-11.png\",\"width\":302,\"height\":227},{\"@type\":\"BreadcrumbList\",\"@id\":\"https:\/\/osnovna-skola-donja-stubica.hr\/wp\/dogadanja-691\/#breadcrumb\",\"itemListElement\":[{\"@type\":\"ListItem\",\"position\":1,\"name\":\"Po\u010detna stranica\",\"item\":\"https:\/\/osnovna-skola-donja-stubica.hr\/wp\/\"},{\"@type\":\"ListItem\",\"position\":2,\"name\":\"Doga\u0111anja\"}]},{\"@type\":\"WebSite\",\"@id\":\"https:\/\/osnovna-skola-donja-stubica.hr\/wp\/#website\",\"url\":\"https:\/\/osnovna-skola-donja-stubica.hr\/wp\/\",\"name\":\"O\u0160 Donja Stubica\",\"description\":\"\",\"potentialAction\":[{\"@type\":\"SearchAction\",\"target\":{\"@type\":\"EntryPoint\",\"urlTemplate\":\"https:\/\/osnovna-skola-donja-stubica.hr\/wp\/?s={search_term_string}\"},\"query-input\":\"required name=search_term_string\"}],\"inLanguage\":\"hr\"},{\"@type\":\"Person\",\"@id\":\"https:\/\/osnovna-skola-donja-stubica.hr\/wp\/#\/schema\/person\/a7a4d6f273cf19e7d01df9f64d3452e3\",\"name\":\"manda\",\"image\":{\"@type\":\"ImageObject\",\"inLanguage\":\"hr\",\"@id\":\"https:\/\/osnovna-skola-donja-stubica.hr\/wp\/#\/schema\/person\/image\/\",\"url\":\"https:\/\/secure.gravatar.com\/avatar\/3310965ab1fce53ef05acd887a75d776?s=96&d=mm&r=g\",\"contentUrl\":\"https:\/\/secure.gravatar.com\/avatar\/3310965ab1fce53ef05acd887a75d776?s=96&d=mm&r=g\",\"caption\":\"manda\"}}]}<\/script>\n<!-- \/ Yoast SEO plugin. -->","yoast_head_json":{"title":"Doga\u0111anja - O\u0160 Donja Stubica","robots":{"index":"index","follow":"follow","max-snippet":"max-snippet:-1","max-image-preview":"max-image-preview:large","max-video-preview":"max-video-preview:-1"},"canonical":"https:\/\/osnovna-skola-donja-stubica.hr\/wp\/dogadanja-691\/","og_locale":"hr_HR","og_type":"article","og_title":"Doga\u0111anja - O\u0160 Donja Stubica","og_description":"Svjetski i Europski tjedan novca U periodu od 18. do 24. o\u017eujka 2024. godine obilje\u017eava se Svjetski i Europski tjedan novca. Cilj obilje\u017eavanja Svjetskog i Europskog tjedna novca je financijskim obrazovanjem unaprijediti razinu financijske pismenosti i omogu\u0107iti djeci, mladima i gra\u0111anima stjecanje financijskih kompetencija koje su nu\u017ene u svakodnevnom privatnom i poslovnom \u017eivotu. Za u\u010denike [&hellip;]","og_url":"https:\/\/osnovna-skola-donja-stubica.hr\/wp\/dogadanja-691\/","og_site_name":"O\u0160 Donja Stubica","article_published_time":"2024-03-24T20:03:23+00:00","article_modified_time":"2024-03-24T20:04:47+00:00","og_image":[{"url":"https:\/\/osnovna-skola-donja-stubica.hr\/wp\/wp-content\/uploads\/2024\/03\/image-11.png"}],"author":"manda","twitter_card":"summary_large_image","twitter_misc":{"Napisao\/la":"manda","Procijenjeno vrijeme \u010ditanja":"1 minuta"},"schema":{"@context":"https:\/\/schema.org","@graph":[{"@type":"WebPage","@id":"https:\/\/osnovna-skola-donja-stubica.hr\/wp\/dogadanja-691\/","url":"https:\/\/osnovna-skola-donja-stubica.hr\/wp\/dogadanja-691\/","name":"Doga\u0111anja - O\u0160 Donja Stubica","isPartOf":{"@id":"https:\/\/osnovna-skola-donja-stubica.hr\/wp\/#website"},"primaryImageOfPage":{"@id":"https:\/\/osnovna-skola-donja-stubica.hr\/wp\/dogadanja-691\/#primaryimage"},"image":{"@id":"https:\/\/osnovna-skola-donja-stubica.hr\/wp\/dogadanja-691\/#primaryimage"},"thumbnailUrl":"https:\/\/osnovna-skola-donja-stubica.hr\/wp\/wp-content\/uploads\/2024\/03\/image-11.png","datePublished":"2024-03-24T20:03:23+00:00","dateModified":"2024-03-24T20:04:47+00:00","author":{"@id":"https:\/\/osnovna-skola-donja-stubica.hr\/wp\/#\/schema\/person\/a7a4d6f273cf19e7d01df9f64d3452e3"},"breadcrumb":{"@id":"https:\/\/osnovna-skola-donja-stubica.hr\/wp\/dogadanja-691\/#breadcrumb"},"inLanguage":"hr","potentialAction":[{"@type":"ReadAction","target":["https:\/\/osnovna-skola-donja-stubica.hr\/wp\/dogadanja-691\/"]}]},{"@type":"ImageObject","inLanguage":"hr","@id":"https:\/\/osnovna-skola-donja-stubica.hr\/wp\/dogadanja-691\/#primaryimage","url":"https:\/\/osnovna-skola-donja-stubica.hr\/wp\/wp-content\/uploads\/2024\/03\/image-11.png","contentUrl":"https:\/\/osnovna-skola-donja-stubica.hr\/wp\/wp-content\/uploads\/2024\/03\/image-11.png","width":302,"height":227},{"@type":"BreadcrumbList","@id":"https:\/\/osnovna-skola-donja-stubica.hr\/wp\/dogadanja-691\/#breadcrumb","itemListElement":[{"@type":"ListItem","position":1,"name":"Po\u010detna stranica","item":"https:\/\/osnovna-skola-donja-stubica.hr\/wp\/"},{"@type":"ListItem","position":2,"name":"Doga\u0111anja"}]},{"@type":"WebSite","@id":"https:\/\/osnovna-skola-donja-stubica.hr\/wp\/#website","url":"https:\/\/osnovna-skola-donja-stubica.hr\/wp\/","name":"O\u0160 Donja Stubica","description":"","potentialAction":[{"@type":"SearchAction","target":{"@type":"EntryPoint","urlTemplate":"https:\/\/osnovna-skola-donja-stubica.hr\/wp\/?s={search_term_string}"},"query-input":"required name=search_term_string"}],"inLanguage":"hr"},{"@type":"Person","@id":"https:\/\/osnovna-skola-donja-stubica.hr\/wp\/#\/schema\/person\/a7a4d6f273cf19e7d01df9f64d3452e3","name":"manda","image":{"@type":"ImageObject","inLanguage":"hr","@id":"https:\/\/osnovna-skola-donja-stubica.hr\/wp\/#\/schema\/person\/image\/","url":"https:\/\/secure.gravatar.com\/avatar\/3310965ab1fce53ef05acd887a75d776?s=96&d=mm&r=g","contentUrl":"https:\/\/secure.gravatar.com\/avatar\/3310965ab1fce53ef05acd887a75d776?s=96&d=mm&r=g","caption":"manda"}}]}},"jetpack_featured_media_url":"","jetpack_sharing_enabled":true,"jetpack-related-posts":[],"jetpack_shortlink":"https:\/\/wp.me\/p7YpPR-2vD","_links":{"self":[{"href":"https:\/\/osnovna-skola-donja-stubica.hr\/wp\/wp-json\/wp\/v2\/posts\/9649"}],"collection":[{"href":"https:\/\/osnovna-skola-donja-stubica.hr\/wp\/wp-json\/wp\/v2\/posts"}],"about":[{"href":"https:\/\/osnovna-skola-donja-stubica.hr\/wp\/wp-json\/wp\/v2\/types\/post"}],"author":[{"embeddable":true,"href":"https:\/\/osnovna-skola-donja-stubica.hr\/wp\/wp-json\/wp\/v2\/users\/4"}],"replies":[{"embeddable":true,"href":"https:\/\/osnovna-skola-donja-stubica.hr\/wp\/wp-json\/wp\/v2\/comments?post=9649"}],"version-history":[{"count":2,"href":"https:\/\/osnovna-skola-donja-stubica.hr\/wp\/wp-json\/wp\/v2\/posts\/9649\/revisions"}],"predecessor-version":[{"id":9653,"href":"https:\/\/osnovna-skola-donja-stubica.hr\/wp\/wp-json\/wp\/v2\/posts\/9649\/revisions\/9653"}],"wp:attachment":[{"href":"https:\/\/osnovna-skola-donja-stubica.hr\/wp\/wp-json\/wp\/v2\/media?parent=9649"}],"wp:term":[{"taxonomy":"category","embeddable":true,"href":"https:\/\/osnovna-skola-donja-stubica.hr\/wp\/wp-json\/wp\/v2\/categories?post=9649"},{"taxonomy":"post_tag","embeddable":true,"href":"https:\/\/osnovna-skola-donja-stubica.hr\/wp\/wp-json\/wp\/v2\/tags?post=9649"}],"curies":[{"name":"wp","href":"https:\/\/api.w.org\/{rel}","templated":true}]}}